{"id":7891,"date":"2017-09-23T13:45:59","date_gmt":"2017-09-23T11:45:59","guid":{"rendered":"https:\/\/theworldwidejournal.com\/2017\/09\/23\/un-coronel-de-la-guardia-civil-coordinara-tambien-a-los-mossos-para-evitar-el-referendum\/"},"modified":"2017-09-23T13:45:59","modified_gmt":"2017-09-23T11:45:59","slug":"un-coronel-de-la-guardia-civil-coordinara-tambien-a-los-mossos-para-evitar-el-referendum","status":"publish","type":"post","link":"https:\/\/theworldwidejournal.com\/?p=7891","title":{"rendered":"Un coronel de la Guardia Civil coordinar\u00e1 tambi\u00e9n a los Mossos para evitar el refer\u00e9ndum"},"content":{"rendered":"<p>Diego P\u00e9rez de los Cobos, coronel de la Guardia Civil y director del Gabinete de Coordinaci\u00f3n y Estudios de la Secretar\u00eda de Estado de Seguridad, ha sido nombrado este mediod\u00eda por la Fiscal\u00eda como &#8220;director t\u00e9cnico&#8221; para coordinar a los Mossos d&#8217;Esquadra, Polic\u00eda Nacional y Guardia Civil en los operativos para evitar el refer\u00e9ndum del 1 de octubre. A las tres de la tarde, en una declaraci\u00f3n institucional, el consejero del Interior, Joaquim Forn, ha asegurado que los Mossos no aceptan la coordinaci\u00f3n del Gobierno, y as\u00ed lo ha hecho saber en la reuni\u00f3n el mayor, Josep Lluis Trapero. Forn ha a\u00f1adido que de facto buscan intervenir a la polic\u00eda catalana y han encargado a su asesor\u00eda jur\u00eddica que estudie la orden de la fiscal\u00eda.\u00a0Seguir leyendo.<br \/>\nVia: <a href=\"https:\/\/elpais.com\/ccaa\/2017\/09\/23\/catalunya\/1506161064_662386.html#?ref=rss&#038;format=simple&#038;link=link\" target=\"_blank\">Un coronel de la Guardia Civil coordinar\u00e1 tambi\u00e9n a los Mossos para evitar el refer\u00e9ndum<\/a><\/p>\n","protected":false},"excerpt":{"rendered":"<p>Diego P\u00e9rez de los Cobos, coronel de la Guardia Civil y director del Gabinete de Coordinaci\u00f3n y Estudios de la Secretar\u00eda de Estado de Seguridad, ha sido nombrado este mediod\u00eda por la Fiscal\u00eda como &#8220;director t\u00e9cnico&#8221; para coordinar a los Mossos d&#8217;Esquadra, Polic\u00eda Nacional y Guardia Civil en los operativos [&hellip;]<\/p>\n","protected":false},"author":2,"featured_media":0,"comment_status":"open","ping_status":"closed","sticky":false,"template":"","format":"standard","meta":{"footnotes":""},"categories":[6],"tags":[],"class_list":["post-7891","post","type-post","status-publish","format-standard","hentry","category-spanish"],"_links":{"self":[{"href":"https:\/\/theworldwidejournal.com\/index.php?rest_route=\/wp\/v2\/posts\/7891","targetHints":{"allow":["GET"]}}],"collection":[{"href":"https:\/\/theworldwidejournal.com\/index.php?rest_route=\/wp\/v2\/posts"}],"about":[{"href":"https:\/\/theworldwidejournal.com\/index.php?rest_route=\/wp\/v2\/types\/post"}],"author":[{"embeddable":true,"href":"https:\/\/theworldwidejournal.com\/index.php?rest_route=\/wp\/v2\/users\/2"}],"replies":[{"embeddable":true,"href":"https:\/\/theworldwidejournal.com\/index.php?rest_route=%2Fwp%2Fv2%2Fcomments&post=7891"}],"version-history":[{"count":0,"href":"https:\/\/theworldwidejournal.com\/index.php?rest_route=\/wp\/v2\/posts\/7891\/revisions"}],"wp:attachment":[{"href":"https:\/\/theworldwidejournal.com\/index.php?rest_route=%2Fwp%2Fv2%2Fmedia&parent=7891"}],"wp:term":[{"taxonomy":"category","embeddable":true,"href":"https:\/\/theworldwidejournal.com\/index.php?rest_route=%2Fwp%2Fv2%2Fcategories&post=7891"},{"taxonomy":"post_tag","embeddable":true,"href":"https:\/\/theworldwidejournal.com\/index.php?rest_route=%2Fwp%2Fv2%2Ftags&post=7891"}],"curies":[{"name":"wp","href":"https:\/\/api.w.org\/{rel}","templated":true}]}}