{"id":7892,"date":"2017-09-23T13:16:54","date_gmt":"2017-09-23T11:16:54","guid":{"rendered":"https:\/\/theworldwidejournal.com\/2017\/09\/23\/montilla-rajoy-ha-estado-cinco-anos-de-vacaciones-con-el-tema-de-cataluna\/"},"modified":"2017-09-23T13:16:54","modified_gmt":"2017-09-23T11:16:54","slug":"montilla-rajoy-ha-estado-cinco-anos-de-vacaciones-con-el-tema-de-cataluna","status":"publish","type":"post","link":"https:\/\/theworldwidejournal.com\/?p=7892","title":{"rendered":"Montilla: \u201cRajoy ha estado cinco a\u00f1os de vacaciones con el tema de Catalu\u00f1a\u201d"},"content":{"rendered":"<p>Jos\u00e9 Montilla (Izn\u00e1jar, C\u00f3rdoba, 1955), presidi\u00f3 la Generalitat cuatro a\u00f1os y en noviembre de 2007, al inicio del mandato, alert\u00f3 de la \u201cdesafecci\u00f3n\u201d de Catalu\u00f1a con Espa\u00f1a sin que fuese considerada esa advertencia.Seguir leyendo.<br \/>\nVia: <a href=\"https:\/\/elpais.com\/ccaa\/2017\/09\/22\/catalunya\/1506103975_216530.html#?ref=rss&#038;format=simple&#038;link=link\" target=\"_blank\">Montilla: \u201cRajoy ha estado cinco a\u00f1os de vacaciones con el tema de Catalu\u00f1a\u201d<\/a><\/p>\n","protected":false},"excerpt":{"rendered":"<p>Jos\u00e9 Montilla (Izn\u00e1jar, C\u00f3rdoba, 1955), presidi\u00f3 la Generalitat cuatro a\u00f1os y en noviembre de 2007, al inicio del mandato, alert\u00f3 de la \u201cdesafecci\u00f3n\u201d de Catalu\u00f1a con Espa\u00f1a sin que fuese considerada esa advertencia.Seguir leyendo. Via: Montilla: \u201cRajoy ha estado cinco a\u00f1os de vacaciones con el tema de Catalu\u00f1a\u201d<\/p>\n","protected":false},"author":2,"featured_media":0,"comment_status":"open","ping_status":"closed","sticky":false,"template":"","format":"standard","meta":{"footnotes":""},"categories":[6],"tags":[],"class_list":["post-7892","post","type-post","status-publish","format-standard","hentry","category-spanish"],"_links":{"self":[{"href":"https:\/\/theworldwidejournal.com\/index.php?rest_route=\/wp\/v2\/posts\/7892","targetHints":{"allow":["GET"]}}],"collection":[{"href":"https:\/\/theworldwidejournal.com\/index.php?rest_route=\/wp\/v2\/posts"}],"about":[{"href":"https:\/\/theworldwidejournal.com\/index.php?rest_route=\/wp\/v2\/types\/post"}],"author":[{"embeddable":true,"href":"https:\/\/theworldwidejournal.com\/index.php?rest_route=\/wp\/v2\/users\/2"}],"replies":[{"embeddable":true,"href":"https:\/\/theworldwidejournal.com\/index.php?rest_route=%2Fwp%2Fv2%2Fcomments&post=7892"}],"version-history":[{"count":0,"href":"https:\/\/theworldwidejournal.com\/index.php?rest_route=\/wp\/v2\/posts\/7892\/revisions"}],"wp:attachment":[{"href":"https:\/\/theworldwidejournal.com\/index.php?rest_route=%2Fwp%2Fv2%2Fmedia&parent=7892"}],"wp:term":[{"taxonomy":"category","embeddable":true,"href":"https:\/\/theworldwidejournal.com\/index.php?rest_route=%2Fwp%2Fv2%2Fcategories&post=7892"},{"taxonomy":"post_tag","embeddable":true,"href":"https:\/\/theworldwidejournal.com\/index.php?rest_route=%2Fwp%2Fv2%2Ftags&post=7892"}],"curies":[{"name":"wp","href":"https:\/\/api.w.org\/{rel}","templated":true}]}}