{"id":7895,"date":"2017-09-23T13:24:34","date_gmt":"2017-09-23T11:24:34","guid":{"rendered":"https:\/\/theworldwidejournal.com\/2017\/09\/23\/compromis-reclama-en-el-senado-la-comparecencia-de-cuatro-ministros-por-la-ofensiva-en-cataluna\/"},"modified":"2017-09-23T13:24:34","modified_gmt":"2017-09-23T11:24:34","slug":"compromis-reclama-en-el-senado-la-comparecencia-de-cuatro-ministros-por-la-ofensiva-en-cataluna","status":"publish","type":"post","link":"https:\/\/theworldwidejournal.com\/?p=7895","title":{"rendered":"Comprom\u00eds reclama en el Senado la comparecencia de cuatro ministros por la \u00abofensiva\u00bb en Catalu\u00f1a"},"content":{"rendered":"<p>Comprom\u00eds ha registrado en el Senado una petici\u00f3n de comparecencia de los ministros de Interior, Justicia, Hacienda y Defensa -Juan Ignacio Zoido, Rafael Catal\u00e1, Crist\u00f3bal Montoro y M\u00aa Dolores de Cospedal, respectivamente- para que den detalles de la \u00aboperaci\u00f3n abierta por el Gobierno central contra el proceso de refer\u00e9ndum catal\u00e1n, los derechos de los ciudadanos y sus instituciones\u00bb. La coalici\u00f3n quiere saber el origen de las \u00f3rdenes en distintas actuaciones sucedidas a lo largo de la semana en Catalu\u00f1a, que recuerda que han pasado por &#8220;detenciones, inspecciones sin orden judicial, registros y un enorme dispositivo sin precedentes en la democracia de nuestro pa\u00eds&#8221;, con el objetivo de &#8220;frenar una simple votaci\u00f3n en la que se busca conocer la opini\u00f3n de los ciudadanos de independizarse o no de Espa\u00f1a&#8221;. Coste econ\u00f3mico En un comunicado, el senador Carles Mulet ha trasladado la iniciativa de Comprom\u00eds, que pregunta en la C\u00e1mara Alta por el coste del desplazamiento de este contingente, as\u00ed como la estimaci\u00f3n econ\u00f3mica de las horas de los agentes, del alquiler de nav\u00edos y el traslado de medios materiales hasta las principales ciudades catalanas. &#8220;En algunos casos, ha sido la instrucci\u00f3n de un juez ultra que ha reabierto una denuncia archivada en su d\u00eda presentada por un partido ultra extraparlamentario, y en otras muchas y pol\u00e9micas decisiones parece que se tomaron a las bravas, sin autorizaci\u00f3n judicial&#8221;, ha asegurado el parlamentario. Mulet ha recordado adem\u00e1s que &#8220;el PP ha pedido refer\u00e9ndums por el modelo de un hospital, el de \u00c1lava sobre la segregaci\u00f3n de Trevi\u00f1o, en Segorbe (Castell\u00f3n) sobre la rehabilitaci\u00f3n del casco hist\u00f3rico, en Castilla-La Mancha sobre la religi\u00f3n cat\u00f3lica, sobre el vertedero de Nerva, sobre la ubicaci\u00f3n del Bel\u00e9n en Ma\u00f3. Y un se\u00f1or que se llama \u00c1ngel Acebes lo pidi\u00f3 en 2006 sobre l&#8217;Estatut catal\u00e1n en el Congreso&#8221;. &#8220;\u00bfCu\u00e1nta gente se detuvo entonces?&#8221;, se ha preguntado el senador, para inquirir al Gobierno sobre &#8220;qu\u00e9 repercusi\u00f3n ha tenido para el Ministerio y los agentes, que han tenido que anular vacaciones y d\u00edas de permisos?&#8221;.<br \/>\nVia: <a href=\"http:\/\/www.abc.es\/espana\/comunidad-valenciana\/abci-compromis-reclama-senado-comparecencia-cuatro-ministros-ofensiva-cataluna-201709231124_noticia.html\" target=\"_blank\">Comprom\u00eds reclama en el Senado la comparecencia de cuatro ministros por la \u00abofensiva\u00bb en Catalu\u00f1a<\/a><\/p>\n","protected":false},"excerpt":{"rendered":"<p>Comprom\u00eds ha registrado en el Senado una petici\u00f3n de comparecencia de los ministros de Interior, Justicia, Hacienda y Defensa -Juan Ignacio Zoido, Rafael Catal\u00e1, Crist\u00f3bal Montoro y M\u00aa Dolores de Cospedal, respectivamente- para que den detalles de la \u00aboperaci\u00f3n abierta por el Gobierno central contra el proceso de refer\u00e9ndum catal\u00e1n, [&hellip;]<\/p>\n","protected":false},"author":2,"featured_media":7896,"comment_status":"open","ping_status":"closed","sticky":false,"template":"","format":"standard","meta":{"footnotes":""},"categories":[6],"tags":[],"class_list":["post-7895","post","type-post","status-publish","format-standard","has-post-thumbnail","hentry","category-spanish"],"_links":{"self":[{"href":"https:\/\/theworldwidejournal.com\/index.php?rest_route=\/wp\/v2\/posts\/7895","targetHints":{"allow":["GET"]}}],"collection":[{"href":"https:\/\/theworldwidejournal.com\/index.php?rest_route=\/wp\/v2\/posts"}],"about":[{"href":"https:\/\/theworldwidejournal.com\/index.php?rest_route=\/wp\/v2\/types\/post"}],"author":[{"embeddable":true,"href":"https:\/\/theworldwidejournal.com\/index.php?rest_route=\/wp\/v2\/users\/2"}],"replies":[{"embeddable":true,"href":"https:\/\/theworldwidejournal.com\/index.php?rest_route=%2Fwp%2Fv2%2Fcomments&post=7895"}],"version-history":[{"count":0,"href":"https:\/\/theworldwidejournal.com\/index.php?rest_route=\/wp\/v2\/posts\/7895\/revisions"}],"wp:featuredmedia":[{"embeddable":true,"href":"https:\/\/theworldwidejournal.com\/index.php?rest_route=\/wp\/v2\/media\/7896"}],"wp:attachment":[{"href":"https:\/\/theworldwidejournal.com\/index.php?rest_route=%2Fwp%2Fv2%2Fmedia&parent=7895"}],"wp:term":[{"taxonomy":"category","embeddable":true,"href":"https:\/\/theworldwidejournal.com\/index.php?rest_route=%2Fwp%2Fv2%2Fcategories&post=7895"},{"taxonomy":"post_tag","embeddable":true,"href":"https:\/\/theworldwidejournal.com\/index.php?rest_route=%2Fwp%2Fv2%2Ftags&post=7895"}],"curies":[{"name":"wp","href":"https:\/\/api.w.org\/{rel}","templated":true}]}}