{"id":7900,"date":"2017-09-23T05:59:47","date_gmt":"2017-09-23T03:59:47","guid":{"rendered":"https:\/\/theworldwidejournal.com\/2017\/09\/23\/hungria-y-polonia-la-oposicion-europea-a-merkel\/"},"modified":"2017-09-23T05:59:47","modified_gmt":"2017-09-23T03:59:47","slug":"hungria-y-polonia-la-oposicion-europea-a-merkel","status":"publish","type":"post","link":"https:\/\/theworldwidejournal.com\/?p=7900","title":{"rendered":"Hungr\u00eda y Polonia, la oposici\u00f3n europea a Merkel"},"content":{"rendered":"<p>Coincidiendo con el cierre de la campa\u00f1a electoral alemana y a solo 500 kil\u00f3metros de Berl\u00edn, el primer ministro h\u00fangaro, Viktor Orb\u00e1n, ha proclamado este viernes un discurso contra las pol\u00edticas europeas de Angela Merkel. Arropado por el gobierno polaco, junto con el que compone lo m\u00e1s parecido que hay en Bruselas a una oposici\u00f3n a la visi\u00f3n de la canciller alemana, calific\u00f3 como \u00abinquisitorial\u00bb el proceso que ha abierto la Comisi\u00f3n Europea a Polonia, por unas reformas judiciales que las autoridades europeas consideran un riesgo para el Estado de derecho. \u00abLa UE no puede permitirse iniciar un proceso sobre el Estado de derecho o amenazar con ello a cualquier pa\u00eds miembro. \u00bfQui\u00e9nes se han cre\u00eddo?\u00bb, se ha preguntado, asegurando que \u00abHungr\u00eda nunca lo aceptar\u00e1 y nunca lo apoyar\u00e1. Siempre ser\u00e1 solidaria con los pa\u00edses a los que les pase lo mismo\u00bb, ha asegurado. Orb\u00e1n, al que la prensa alemana ha apodado el \u00abTrump europeo\u00bb ha defendido este viernes en Varsovia que Hungr\u00eda y Polonia son \u00ablos \u00faltimos guardianes de los tratados europeos vigentes\u00bb y que no permitir\u00e1n que los bur\u00f3cratas europeos interfieran en las pol\u00edticas nacionales. En la rueda de prensa que ha seguido a su reuni\u00f3n con la primera ministra polaca, Beata Szydlo, prometi\u00f3 un frente com\u00fan con Polonia y sugiri\u00f3 que pa\u00edses como Alemania se est\u00e1n sirviendo de Bruselas para violentar la soberan\u00eda de los pa\u00edses miembros, \u00abque es precisamente la base de la UE\u00bb. Szydlo, por su parte, ha agradecido la solidaridad h\u00fangara y ha recalcado la gran sinton\u00eda que hab\u00eda reflejado el encuentro entre Varsovia y Budapest en las actuales cuestiones claves para la UE. Con respecto al debate sobre los refugiados, Orban ha reiterado su negativa a acoger emigrantes y ha expuesto su teor\u00eda geopol\u00edtica particular, en la que que diferencia dos tipos de pa\u00edses: los \u00abpa\u00edses de inmigraci\u00f3n\u00bb o \u00abpa\u00edses excoloniales\u00bb y \u00ablos que no quieren ser pa\u00edses de inmigraci\u00f3n\u00bb. Estos segundos, entre los que se encuentran Polonia y Hungr\u00eda, son los que \u00abquieren resolver sus problemas demogr\u00e1ficos con pol\u00edticas de familia, as\u00ed como sus problemas de empleo con pol\u00edticas de familia y pol\u00edticas econ\u00f3micas, pero que no quieren dar espacio a la inmigraci\u00f3n\u00bb. \u00abNo criticamos a esos pa\u00edses pero exigimos que respeten nuestra decisi\u00f3n de que no queremos ser como ellos y no queremos una poblaci\u00f3n mixta\u00bb, ha sentenciado, argumentando que en los pa\u00edses con inmigrantes \u00abel elemento cristiano pierde influencia\u00bb. Orb\u00e1n mostr\u00f3 cierto cinismo cuando le preguntaron en una entrevista en la radio polaca por su pron\u00f3stico para las elecciones alemanas de ma\u00f1ana domingo y dijo que \u00abrezamos una silenciosa oraci\u00f3n por que el gobierno de la canciller Merkel se prolongue en el tiempo porque, dadas las opciones, esa es la posici\u00f3n que puede tomar Hungr\u00eda\u00bb. El principal contrincante electoral de Merkel, el socialdem\u00f3crata Martin Schulz, propuso cuando todav\u00eda ocupaba un alto cargo en Bruselas castigar a Hungr\u00eda con sanciones econ\u00f3micas si se reafirmaba en su negativa a recibir refugiados, una idea que ha seguido defendiendo en la campa\u00f1a electoral. \u00ab\u00bfDe qu\u00e9 me est\u00e1n hablando? El dinero europeo es nuestro dinero. Contribuimos al presupuesto europeo y hemos abierto nuestras fronteras a las empresas europeas. Formamos parte de Europa. \u00bfNos vamos a castigar a nosotros mismos?\u00bb, dijo acerca de esa posibilidad de sanciones, dejando claro que hay un frente contra Merkel en la UE y que ese frente no teme alzar la voz en un momento clave de la campa\u00f1a alemana.<br \/>\nVia: <a href=\"http:\/\/www.abc.es\/internacional\/abci-hungria-y-polonia-constituyen-como-oposicion-europea-merkel-201709230359_noticia.html\" target=\"_blank\">Hungr\u00eda y Polonia, la oposici\u00f3n europea a Merkel<\/a><\/p>\n","protected":false},"excerpt":{"rendered":"<p>Coincidiendo con el cierre de la campa\u00f1a electoral alemana y a solo 500 kil\u00f3metros de Berl\u00edn, el primer ministro h\u00fangaro, Viktor Orb\u00e1n, ha proclamado este viernes un discurso contra las pol\u00edticas europeas de Angela Merkel. Arropado por el gobierno polaco, junto con el que compone lo m\u00e1s parecido que hay [&hellip;]<\/p>\n","protected":false},"author":2,"featured_media":7901,"comment_status":"open","ping_status":"closed","sticky":false,"template":"","format":"standard","meta":{"footnotes":""},"categories":[6],"tags":[],"class_list":["post-7900","post","type-post","status-publish","format-standard","has-post-thumbnail","hentry","category-spanish"],"_links":{"self":[{"href":"https:\/\/theworldwidejournal.com\/index.php?rest_route=\/wp\/v2\/posts\/7900","targetHints":{"allow":["GET"]}}],"collection":[{"href":"https:\/\/theworldwidejournal.com\/index.php?rest_route=\/wp\/v2\/posts"}],"about":[{"href":"https:\/\/theworldwidejournal.com\/index.php?rest_route=\/wp\/v2\/types\/post"}],"author":[{"embeddable":true,"href":"https:\/\/theworldwidejournal.com\/index.php?rest_route=\/wp\/v2\/users\/2"}],"replies":[{"embeddable":true,"href":"https:\/\/theworldwidejournal.com\/index.php?rest_route=%2Fwp%2Fv2%2Fcomments&post=7900"}],"version-history":[{"count":0,"href":"https:\/\/theworldwidejournal.com\/index.php?rest_route=\/wp\/v2\/posts\/7900\/revisions"}],"wp:featuredmedia":[{"embeddable":true,"href":"https:\/\/theworldwidejournal.com\/index.php?rest_route=\/wp\/v2\/media\/7901"}],"wp:attachment":[{"href":"https:\/\/theworldwidejournal.com\/index.php?rest_route=%2Fwp%2Fv2%2Fmedia&parent=7900"}],"wp:term":[{"taxonomy":"category","embeddable":true,"href":"https:\/\/theworldwidejournal.com\/index.php?rest_route=%2Fwp%2Fv2%2Fcategories&post=7900"},{"taxonomy":"post_tag","embeddable":true,"href":"https:\/\/theworldwidejournal.com\/index.php?rest_route=%2Fwp%2Fv2%2Ftags&post=7900"}],"curies":[{"name":"wp","href":"https:\/\/api.w.org\/{rel}","templated":true}]}}