{"id":7923,"date":"2017-09-23T19:20:07","date_gmt":"2017-09-23T17:20:07","guid":{"rendered":"https:\/\/theworldwidejournal.com\/2017\/09\/23\/contre-la-chienlit-liberale-melenchon-veut-deferler-sur-les-champs-elysees\/"},"modified":"2017-09-23T19:20:07","modified_gmt":"2017-09-23T17:20:07","slug":"contre-la-chienlit-liberale-melenchon-veut-deferler-sur-les-champs-elysees","status":"publish","type":"post","link":"https:\/\/theworldwidejournal.com\/?p=7923","title":{"rendered":"Contre la \u00abchienlit lib\u00e9rale\u00bb, M\u00e9lenchon veut d\u00e9ferler sur les Champs-Elys\u00e9es"},"content":{"rendered":"<p>Pour d\u00e9noncer ce qu&#8217;il estime \u00eatre un \u00abcoup d&#8217;Etat social\u00bb, le leader de La France insoumise a rassembl\u00e9 samedi plusieurs dizaines de milliers de personnes \u00e0 Paris entre Bastille et R\u00e9publique. Il esp\u00e8re que le gouvernement renoncera \u00e0 appliquer ses ordonnances r\u00e9formant le Code du travail.<br \/>\nVia: <a href=\"http:\/\/www.lefigaro.fr\/politique\/2017\/09\/23\/01002-20170923ARTFIG00112-contre-la-chienlit-liberale-melenchon-veut-deferler-sur-les-champs-elysees.php\" target=\"_blank\">Contre la \u00abchienlit lib\u00e9rale\u00bb, M\u00e9lenchon veut d\u00e9ferler sur les Champs-Elys\u00e9es<\/a><\/p>\n","protected":false},"excerpt":{"rendered":"<p>Pour d\u00e9noncer ce qu&#8217;il estime \u00eatre un \u00abcoup d&#8217;Etat social\u00bb, le leader de La France insoumise a rassembl\u00e9 samedi plusieurs dizaines de milliers de personnes \u00e0 Paris entre Bastille et R\u00e9publique. Il esp\u00e8re que le gouvernement renoncera \u00e0 appliquer ses ordonnances r\u00e9formant le Code du travail. Via: Contre la \u00abchienlit [&hellip;]<\/p>\n","protected":false},"author":2,"featured_media":0,"comment_status":"open","ping_status":"closed","sticky":false,"template":"","format":"standard","meta":{"footnotes":""},"categories":[4],"tags":[],"class_list":["post-7923","post","type-post","status-publish","format-standard","hentry","category-french"],"_links":{"self":[{"href":"https:\/\/theworldwidejournal.com\/index.php?rest_route=\/wp\/v2\/posts\/7923","targetHints":{"allow":["GET"]}}],"collection":[{"href":"https:\/\/theworldwidejournal.com\/index.php?rest_route=\/wp\/v2\/posts"}],"about":[{"href":"https:\/\/theworldwidejournal.com\/index.php?rest_route=\/wp\/v2\/types\/post"}],"author":[{"embeddable":true,"href":"https:\/\/theworldwidejournal.com\/index.php?rest_route=\/wp\/v2\/users\/2"}],"replies":[{"embeddable":true,"href":"https:\/\/theworldwidejournal.com\/index.php?rest_route=%2Fwp%2Fv2%2Fcomments&post=7923"}],"version-history":[{"count":0,"href":"https:\/\/theworldwidejournal.com\/index.php?rest_route=\/wp\/v2\/posts\/7923\/revisions"}],"wp:attachment":[{"href":"https:\/\/theworldwidejournal.com\/index.php?rest_route=%2Fwp%2Fv2%2Fmedia&parent=7923"}],"wp:term":[{"taxonomy":"category","embeddable":true,"href":"https:\/\/theworldwidejournal.com\/index.php?rest_route=%2Fwp%2Fv2%2Fcategories&post=7923"},{"taxonomy":"post_tag","embeddable":true,"href":"https:\/\/theworldwidejournal.com\/index.php?rest_route=%2Fwp%2Fv2%2Ftags&post=7923"}],"curies":[{"name":"wp","href":"https:\/\/api.w.org\/{rel}","templated":true}]}}