{"id":8026,"date":"2017-09-24T15:32:32","date_gmt":"2017-09-24T13:32:32","guid":{"rendered":"https:\/\/theworldwidejournal.com\/2017\/09\/24\/urkullu-la-solucion-en-cataluna-es-un-referendum-legal-y-pactado\/"},"modified":"2017-09-24T15:32:32","modified_gmt":"2017-09-24T13:32:32","slug":"urkullu-la-solucion-en-cataluna-es-un-referendum-legal-y-pactado","status":"publish","type":"post","link":"https:\/\/theworldwidejournal.com\/?p=8026","title":{"rendered":"Urkullu: \u201cLa soluci\u00f3n en Catalu\u00f1a es un refer\u00e9ndum legal y pactado\u201d"},"content":{"rendered":"<p>El lehendakari, I\u00f1igo Urkullu, ha proclamado este domingo ante miles de fieles del PNV que la soluci\u00f3n al problema de Catalu\u00f1a pasa por celebrar &#8220;un refer\u00e9ndum legal y pactado&#8221; con el Estado, como en Quebec (Canad\u00e1) y en Escocia, porque, ha a\u00f1adido, &#8220;el modelo de unidad impuesta&#8221; por el Gobierno de Mariano Rajoy solo puede derivar en &#8220;una escisi\u00f3n social que costar\u00e1 muchos a\u00f1os revertir&#8221;.Seguir leyendo.<br \/>\nVia: <a href=\"https:\/\/elpais.com\/politica\/2017\/09\/24\/actualidad\/1506249956_821702.html#?ref=rss&#038;format=simple&#038;link=link\" target=\"_blank\">Urkullu: \u201cLa soluci\u00f3n en Catalu\u00f1a es un refer\u00e9ndum legal y pactado\u201d<\/a><\/p>\n","protected":false},"excerpt":{"rendered":"<p>El lehendakari, I\u00f1igo Urkullu, ha proclamado este domingo ante miles de fieles del PNV que la soluci\u00f3n al problema de Catalu\u00f1a pasa por celebrar &#8220;un refer\u00e9ndum legal y pactado&#8221; con el Estado, como en Quebec (Canad\u00e1) y en Escocia, porque, ha a\u00f1adido, &#8220;el modelo de unidad impuesta&#8221; por el Gobierno [&hellip;]<\/p>\n","protected":false},"author":2,"featured_media":0,"comment_status":"open","ping_status":"closed","sticky":false,"template":"","format":"standard","meta":{"footnotes":""},"categories":[6],"tags":[],"class_list":["post-8026","post","type-post","status-publish","format-standard","hentry","category-spanish"],"_links":{"self":[{"href":"https:\/\/theworldwidejournal.com\/index.php?rest_route=\/wp\/v2\/posts\/8026","targetHints":{"allow":["GET"]}}],"collection":[{"href":"https:\/\/theworldwidejournal.com\/index.php?rest_route=\/wp\/v2\/posts"}],"about":[{"href":"https:\/\/theworldwidejournal.com\/index.php?rest_route=\/wp\/v2\/types\/post"}],"author":[{"embeddable":true,"href":"https:\/\/theworldwidejournal.com\/index.php?rest_route=\/wp\/v2\/users\/2"}],"replies":[{"embeddable":true,"href":"https:\/\/theworldwidejournal.com\/index.php?rest_route=%2Fwp%2Fv2%2Fcomments&post=8026"}],"version-history":[{"count":0,"href":"https:\/\/theworldwidejournal.com\/index.php?rest_route=\/wp\/v2\/posts\/8026\/revisions"}],"wp:attachment":[{"href":"https:\/\/theworldwidejournal.com\/index.php?rest_route=%2Fwp%2Fv2%2Fmedia&parent=8026"}],"wp:term":[{"taxonomy":"category","embeddable":true,"href":"https:\/\/theworldwidejournal.com\/index.php?rest_route=%2Fwp%2Fv2%2Fcategories&post=8026"},{"taxonomy":"post_tag","embeddable":true,"href":"https:\/\/theworldwidejournal.com\/index.php?rest_route=%2Fwp%2Fv2%2Ftags&post=8026"}],"curies":[{"name":"wp","href":"https:\/\/api.w.org\/{rel}","templated":true}]}}