{"id":8028,"date":"2017-09-24T17:07:57","date_gmt":"2017-09-24T15:07:57","guid":{"rendered":"https:\/\/theworldwidejournal.com\/?p=8028"},"modified":"2017-09-24T17:07:57","modified_gmt":"2017-09-24T15:07:57","slug":"iglesias-proclama-su-alianza-con-el-independentismo-para-dinamitar-la-constitucion-del-78","status":"publish","type":"post","link":"https:\/\/theworldwidejournal.com\/?p=8028","title":{"rendered":"Iglesias proclama su alianza con el independentismo para dinamitar la Constituci\u00f3n del 78"},"content":{"rendered":"<p>Podemos oficializ\u00f3 p\u00fablicamente este domingo en Zaragoza su alianza con el independentismo catal\u00e1n para dinamitar la Constituci\u00f3n de 1978 y emprender un nuevo \u00abproceso constituyente\u00bb que d\u00e9 lugar a una \u00abrep\u00fablica federal y socialista\u00bb. La \u00abasamblea de cargos p\u00fablicos por la libertad, la fraternidad y la convivencia\u00bb orquestada por Podemos y celebrada en la capital aragonesa se sustanci\u00f3 en m\u00e1s de cinco horas de un mitin coral en contra del PP y en defensa de los secesionistas. Durante esas m\u00e1s de cinco horas desfilaron decenas de cargos locales, auton\u00f3micos y nacionales de Podemos, IU y sus franquicias territoriales, junto a una menguada representaci\u00f3n de formaciones nacionalistas e independentistas, entre los que se encontraban miembros del PNV y de los secesionistas catalanes de Esquerra y del PDECat, junto a otras formaciones soberanistas minoritarias. En ninguna de las intervenciones se cuestion\u00f3 la actitud del independentismo catal\u00e1n ni su \u00f3rdago al Estado de Derecho, y todas las cr\u00edticas fueron sistem\u00e1ticamente dirigidas contra el PP, pero tambi\u00e9n contra el sistema judicial. Los que se fueron sucediendo en el turno de discursos replicaron consignas recurrentes. As\u00ed, se insisti\u00f3 en pronunciar expresiones como \u00abestado de excepci\u00f3n\u00bb, \u00abestado policial\u00bb o gobierno \u00abreaccionario\u00bb, en lo que fue una cr\u00edtica permanente al Estado de Derecho y una defensa cerrada al \u00f3rdago secesionista por entender que \u00e9ste es \u00abexpresi\u00f3n democr\u00e1tica\u00bb. Pablo Iglesias pide \u00abque cese la represi\u00f3n\u00bb El l\u00edder de Podemos, Pablo Iglesias, sali\u00f3 en abierta defensa del \u00f3rdago independentista y culp\u00f3 exclusivamente al Gobierno del PP y a Ciudadanos de la tensi\u00f3n desencadenada por los secesionistas. Reclam\u00f3 al Ejecutivo de Rajoy que permita el refer\u00e9ndum ilegal del 1 de octubre en Catalu\u00f1a y que deje de aplicarse el Estado de Derecho ante el \u00f3rdago independentista. As\u00ed, pidi\u00f3 que \u00abcese la represi\u00f3n y la pol\u00edtica de excepcionalidad\u00bb para dar paso a un \u00abrefer\u00e9ndum pactado\u00bb en el que \u00ablos catalanes decidan soberanamente su futuro\u00bb. A juicio de Pablo Iglesias, el problema no es el \u00f3rdago secesionista sino lo que califica como \u00abespiral represiva que amenaza la democracia espa\u00f1ola\u00bb. La soluci\u00f3n, a su juicio, \u00abpasa por enviar al PP y a Ciudadanos a la oposici\u00f3n\u00bb, y llam\u00f3 p\u00fablicamente al l\u00edder socialista Pedro S\u00e1nchez para que una al PSOE al frente conformado por Podemos junto a los independentistas. Instaurar la \u00abrep\u00fablica federal y socialista\u00bb El l\u00edder de Podemos dio su particular receta al proponer \u00abrefundar un proyecto colectivo de pa\u00eds de naciones\u00bb y empezar ese camino mediante un \u00abgobierno de unidad plurinacional para el di\u00e1logo constituyente\u00bb que, de entrada, pulverice el actual Estado de Derecho asentado en la Constituci\u00f3n de 1978. El l\u00edder de IU y socio de Podemos, Alberto Garz\u00f3n, ech\u00f3 mano de su ideario comunista para remarcar tambi\u00e9n durante este foro celebrado en Zaragozqaa que el objetivo \u00faltimo es que ese \u00abdi\u00e1logo constituyente\u00bb haga de Espa\u00f1a una \u00abrep\u00fablica federal y socialista\u00bb. Durante los discursos que precedieron a la intervenci\u00f3n de Pablo Iglesias lleg\u00f3 a proponerse abiertamente a \u00abdesobedecer la legalidad\u00bb en la calle y se apel\u00f3 a que el derecho de autodeterminaci\u00f3n no solo se exprese en Catalu\u00f1a sino que se pueda extender tambi\u00e9n al resto de regiones. Espa\u00f1a es \u00abun estado plurinacional\u00bb fue otra de las expresiones replicada insistentemente por quienes intervinieron en el acto celebrado en Zaragoza, en el que Podemos y sus socios de IU no ocultaron su alianza estrat\u00e9gica con los independentistas catalanes, aunque estos dejaron claro en el mismo acto que no est\u00e1n por la labor de aceptar como soluci\u00f3n un estado federal. Como remarc\u00f3 desde la tribuna el diputado del PDECat Carles Campuzano, no contemplan otra \u00absoluci\u00f3n al conflicto\u00bb que no sea la independencia. El l\u00edder de En Com\u00fa, Xavier Dom\u00e9nech, elev\u00f3 el tono de las cr\u00edticas contra el PP, le atac\u00f3 por haber intervenido las cuentas de la Generalitat y se refiri\u00f3 al ministro Montoro como \u00abimbecilidad supina\u00bb. Por su parte, la alcaldesa de Barcelona, Ada Colau -que tuvo una fugaz presencia en esta asamblea organizada por Podemos-, apel\u00f3 al \u00abdi\u00e1logo\u00bb con los independentistas y pidi\u00f3 al PSOE y a su l\u00edder, Pedro S\u00e1nchez, \u00abresponsabilidad de Estado\u00bb y que escuchen \u00abal 80 por ciento de los catalanes que pide votar\u00bb. Tras pedir a los socialistas que se unan al frente del \u00abderecho de autodeterminaci\u00f3n\u00bb, Colau incidi\u00f3 en que la soluci\u00f3n para Catalu\u00f1a \u00abtiene que pasar en alg\u00fan momento por poder votar\u00bb. El acto pro-refer\u00e9ndum secesionista celebrado por Podemos en Zaragoza se desarroll\u00f3 con instalaciones facilitadas por el alcalde de la capital aragonesa, Pedro Santisteve, de la coalici\u00f3n ZEC, integrada por Podemos, IU y grupos minoritarios entre los que figuran los independentistas antisistema aragoneses de Puyal\u00f3n. A las puertas del pabell\u00f3n municipal en el que tuvo lugar el foro de Podemos se concentr\u00f3 un nutrido grupo de radicales contrarios los asistentes a este acto , lo que oblig\u00f3 a intervenir a las Polic\u00eda y a cerrar las puertas de las instalaciones para impedir que fueran tomadas por esos ultras, que lanzaron una botella de pl\u00e1stico contra la comunista Violeta Barba, miembro de Podemos y presidenta de las Cortes de Arag\u00f3n.<br \/>\nVia: <a href=\"http:\/\/www.abc.es\/espana\/abci-iglesias-proclama-alianza-independentismo-para-dinamitar-constitucion-78-201709241507_noticia.html\" target=\"_blank\">Iglesias proclama su alianza con el independentismo para dinamitar la Constituci\u00f3n del 78<\/a><\/p>\n","protected":false},"excerpt":{"rendered":"<p>Podemos oficializ\u00f3 p\u00fablicamente este domingo en Zaragoza su alianza con el independentismo catal\u00e1n para dinamitar la Constituci\u00f3n de 1978 y emprender un nuevo \u00abproceso constituyente\u00bb que d\u00e9 lugar a una \u00abrep\u00fablica federal y socialista\u00bb. La \u00abasamblea de cargos p\u00fablicos por la libertad, la fraternidad y la convivencia\u00bb orquestada por Podemos [&hellip;]<\/p>\n","protected":false},"author":2,"featured_media":8029,"comment_status":"open","ping_status":"closed","sticky":false,"template":"","format":"standard","meta":{"footnotes":""},"categories":[6],"tags":[],"class_list":["post-8028","post","type-post","status-publish","format-standard","has-post-thumbnail","hentry","category-spanish"],"_links":{"self":[{"href":"https:\/\/theworldwidejournal.com\/index.php?rest_route=\/wp\/v2\/posts\/8028","targetHints":{"allow":["GET"]}}],"collection":[{"href":"https:\/\/theworldwidejournal.com\/index.php?rest_route=\/wp\/v2\/posts"}],"about":[{"href":"https:\/\/theworldwidejournal.com\/index.php?rest_route=\/wp\/v2\/types\/post"}],"author":[{"embeddable":true,"href":"https:\/\/theworldwidejournal.com\/index.php?rest_route=\/wp\/v2\/users\/2"}],"replies":[{"embeddable":true,"href":"https:\/\/theworldwidejournal.com\/index.php?rest_route=%2Fwp%2Fv2%2Fcomments&post=8028"}],"version-history":[{"count":0,"href":"https:\/\/theworldwidejournal.com\/index.php?rest_route=\/wp\/v2\/posts\/8028\/revisions"}],"wp:featuredmedia":[{"embeddable":true,"href":"https:\/\/theworldwidejournal.com\/index.php?rest_route=\/wp\/v2\/media\/8029"}],"wp:attachment":[{"href":"https:\/\/theworldwidejournal.com\/index.php?rest_route=%2Fwp%2Fv2%2Fmedia&parent=8028"}],"wp:term":[{"taxonomy":"category","embeddable":true,"href":"https:\/\/theworldwidejournal.com\/index.php?rest_route=%2Fwp%2Fv2%2Fcategories&post=8028"},{"taxonomy":"post_tag","embeddable":true,"href":"https:\/\/theworldwidejournal.com\/index.php?rest_route=%2Fwp%2Fv2%2Ftags&post=8028"}],"curies":[{"name":"wp","href":"https:\/\/api.w.org\/{rel}","templated":true}]}}