{"id":8030,"date":"2017-09-24T15:22:14","date_gmt":"2017-09-24T13:22:14","guid":{"rendered":"https:\/\/theworldwidejournal.com\/2017\/09\/24\/golpean-con-una-botella-a-la-presidenta-de-las-cortes-de-aragon\/"},"modified":"2017-09-24T15:22:14","modified_gmt":"2017-09-24T13:22:14","slug":"golpean-con-una-botella-a-la-presidenta-de-las-cortes-de-aragon","status":"publish","type":"post","link":"https:\/\/theworldwidejournal.com\/?p=8030","title":{"rendered":"Golpean con una botella a la presidenta de las Cortes de Arag\u00f3n"},"content":{"rendered":"<p>Agentes de la Polic\u00eda Nacional impidieron este domingo que cientos de radicales con banderas de Espa\u00f1a con el escudo preconstitucional entraran al acto que Podemos ha convocado este domingo en Zaragoza para defender el derecho a decidir ante el refer\u00e9ndum del 1 de octubre que impulsa en Catalu\u00f1a el Gobierno de Carles Puigdemont. El incidente se produjo hacia las 11.30 de la ma\u00f1ana, cuando estos manifestantes trataron de acceder al interior de Pabell\u00f3n Siglo XXI de la capital aragonesa, que es donde la formaci\u00f3n morada celebra desde las 9.00 de la ma\u00f1ana este encuentro, al que asisten tambi\u00e9n representantes de partidos nacionalistas. Estos manifestantes se fueron congregando ante el pabell\u00f3n desde primera hora del domingo, pero solo intentaron entrar cuando el encuentro ya llevaba m\u00e1s de dos horas celebr\u00e1ndose. Los congregados portaban banderas de Espa\u00f1a, algunas de las cuales llevaban el escudo preconstitucional. Los manifestantes tambi\u00e9n profirieron insultos contra los miembros de los partidos que est\u00e1n representados en este acto, como los nacionalistas PDECat y ERC, as\u00ed como tambi\u00e9n contra periodistas que realizan su trabajo en la cobertura de esta asamblea. Tambi\u00e9n insultaron al alcalde de Zaragoza, Pedro Santisteve. Pero el mayor momento de tensi\u00f3n fue cuando le lanzaron una botella de pl\u00e1stico a la presidenta de las Cortes de Arag\u00f3n, Violeta Barba. \u00abLa botella de agua le ha dado en el est\u00f3mago\u00bb, asegura una fuente a ABC. Recomendaci\u00f3n de no salir Este intento de entrar al acto llev\u00f3 a la organizaci\u00f3n de Podemos a dar instrucciones, aconsejados por la Polic\u00eda Nacional, que vigila el pabell\u00f3n, para que nadie abandonara las instalaciones por seguridad. Esto afect\u00f3 tanto a los asistentes al encuentro como a informadores y otros trabajadores que estaban en las instalaciones. Los mismos manifestantes que protagonizaron este incidente trataron a primera hora del domingo de izar una bandera espa\u00f1ola en uno de los m\u00e1stiles que rodean el recinto, acto que consigui\u00f3 frenar la Polic\u00eda. De hecho, no hab\u00eda banderas en estos m\u00e1stiles, dado que, seg\u00fan Podemos, solamente se colocan en este pabell\u00f3n cuando se realizan eventos deportivos. A este episodio se refiri\u00f3 durante el acto el europarlamenario de ICV Ernest Urtasun, quien tild\u00f3 a los manifestantes que estaban en el exterior del recinto de \u00abnazis\u00bb que pretend\u00edan evitar que los partidos reunidos construyeran \u00abun proyecto para Espa\u00f1a\u00bb.<br \/>\nVia: <a href=\"http:\/\/www.abc.es\/espana\/abci-cientos-manifestantes-banderas-espana-intentan-entrar-acto-podemos-201709241322_noticia.html\" target=\"_blank\">Golpean con una botella a la presidenta de las Cortes de Arag\u00f3n<\/a><\/p>\n","protected":false},"excerpt":{"rendered":"<p>Agentes de la Polic\u00eda Nacional impidieron este domingo que cientos de radicales con banderas de Espa\u00f1a con el escudo preconstitucional entraran al acto que Podemos ha convocado este domingo en Zaragoza para defender el derecho a decidir ante el refer\u00e9ndum del 1 de octubre que impulsa en Catalu\u00f1a el Gobierno [&hellip;]<\/p>\n","protected":false},"author":2,"featured_media":8031,"comment_status":"open","ping_status":"closed","sticky":false,"template":"","format":"standard","meta":{"footnotes":""},"categories":[6],"tags":[],"class_list":["post-8030","post","type-post","status-publish","format-standard","has-post-thumbnail","hentry","category-spanish"],"_links":{"self":[{"href":"https:\/\/theworldwidejournal.com\/index.php?rest_route=\/wp\/v2\/posts\/8030","targetHints":{"allow":["GET"]}}],"collection":[{"href":"https:\/\/theworldwidejournal.com\/index.php?rest_route=\/wp\/v2\/posts"}],"about":[{"href":"https:\/\/theworldwidejournal.com\/index.php?rest_route=\/wp\/v2\/types\/post"}],"author":[{"embeddable":true,"href":"https:\/\/theworldwidejournal.com\/index.php?rest_route=\/wp\/v2\/users\/2"}],"replies":[{"embeddable":true,"href":"https:\/\/theworldwidejournal.com\/index.php?rest_route=%2Fwp%2Fv2%2Fcomments&post=8030"}],"version-history":[{"count":0,"href":"https:\/\/theworldwidejournal.com\/index.php?rest_route=\/wp\/v2\/posts\/8030\/revisions"}],"wp:featuredmedia":[{"embeddable":true,"href":"https:\/\/theworldwidejournal.com\/index.php?rest_route=\/wp\/v2\/media\/8031"}],"wp:attachment":[{"href":"https:\/\/theworldwidejournal.com\/index.php?rest_route=%2Fwp%2Fv2%2Fmedia&parent=8030"}],"wp:term":[{"taxonomy":"category","embeddable":true,"href":"https:\/\/theworldwidejournal.com\/index.php?rest_route=%2Fwp%2Fv2%2Fcategories&post=8030"},{"taxonomy":"post_tag","embeddable":true,"href":"https:\/\/theworldwidejournal.com\/index.php?rest_route=%2Fwp%2Fv2%2Ftags&post=8030"}],"curies":[{"name":"wp","href":"https:\/\/api.w.org\/{rel}","templated":true}]}}