{"id":8096,"date":"2017-09-25T00:26:04","date_gmt":"2017-09-24T22:26:04","guid":{"rendered":"https:\/\/theworldwidejournal.com\/2017\/09\/25\/la-extrema-derecha-alemana-entra-en-el-parlamento-por-primera-vez-desde-1945\/"},"modified":"2017-09-25T00:26:04","modified_gmt":"2017-09-24T22:26:04","slug":"la-extrema-derecha-alemana-entra-en-el-parlamento-por-primera-vez-desde-1945","status":"publish","type":"post","link":"https:\/\/theworldwidejournal.com\/?p=8096","title":{"rendered":"La extrema derecha alemana entra en el Parlamento por primera vez desde 1945"},"content":{"rendered":"<p>El temido pron\u00f3stico se ha cumplido y la entrada de Alternativa por Alemania (AfD) en el Bundestag ha hecho temblar los cimientos de la democracia alemana. Nunca desde la Segunda Guerra Mundial un gran partido de extrema derecha hab\u00eda participado de la vida parlamentaria de este pa\u00eds, cuyo pasado nazi hab\u00eda hecho hasta ahora impensable un resultado como el de estas elecciones. Afd quedar\u00eda situada en tercer lugar, con un 12,9% de los votos y casi 90 esca\u00f1os en una C\u00e1mara que ahora ten\u00eda 631. Su presencia en el Parlamento implica la irrupci\u00f3n del discurso islam\u00f3fobo y anti europeo en el coraz\u00f3n de la democracia alemana.Seguir leyendo.<br \/>\nVia: <a href=\"https:\/\/elpais.com\/internacional\/2017\/09\/24\/actualidad\/1506276160_113753.html#?ref=rss&#038;format=simple&#038;link=link\" target=\"_blank\">La extrema derecha alemana entra en el Parlamento por primera vez desde 1945<\/a><\/p>\n","protected":false},"excerpt":{"rendered":"<p>El temido pron\u00f3stico se ha cumplido y la entrada de Alternativa por Alemania (AfD) en el Bundestag ha hecho temblar los cimientos de la democracia alemana. Nunca desde la Segunda Guerra Mundial un gran partido de extrema derecha hab\u00eda participado de la vida parlamentaria de este pa\u00eds, cuyo pasado nazi [&hellip;]<\/p>\n","protected":false},"author":2,"featured_media":0,"comment_status":"open","ping_status":"closed","sticky":false,"template":"","format":"standard","meta":{"footnotes":""},"categories":[6],"tags":[],"class_list":["post-8096","post","type-post","status-publish","format-standard","hentry","category-spanish"],"_links":{"self":[{"href":"https:\/\/theworldwidejournal.com\/index.php?rest_route=\/wp\/v2\/posts\/8096","targetHints":{"allow":["GET"]}}],"collection":[{"href":"https:\/\/theworldwidejournal.com\/index.php?rest_route=\/wp\/v2\/posts"}],"about":[{"href":"https:\/\/theworldwidejournal.com\/index.php?rest_route=\/wp\/v2\/types\/post"}],"author":[{"embeddable":true,"href":"https:\/\/theworldwidejournal.com\/index.php?rest_route=\/wp\/v2\/users\/2"}],"replies":[{"embeddable":true,"href":"https:\/\/theworldwidejournal.com\/index.php?rest_route=%2Fwp%2Fv2%2Fcomments&post=8096"}],"version-history":[{"count":0,"href":"https:\/\/theworldwidejournal.com\/index.php?rest_route=\/wp\/v2\/posts\/8096\/revisions"}],"wp:attachment":[{"href":"https:\/\/theworldwidejournal.com\/index.php?rest_route=%2Fwp%2Fv2%2Fmedia&parent=8096"}],"wp:term":[{"taxonomy":"category","embeddable":true,"href":"https:\/\/theworldwidejournal.com\/index.php?rest_route=%2Fwp%2Fv2%2Fcategories&post=8096"},{"taxonomy":"post_tag","embeddable":true,"href":"https:\/\/theworldwidejournal.com\/index.php?rest_route=%2Fwp%2Fv2%2Ftags&post=8096"}],"curies":[{"name":"wp","href":"https:\/\/api.w.org\/{rel}","templated":true}]}}