{"id":8104,"date":"2017-09-25T03:43:02","date_gmt":"2017-09-25T01:43:02","guid":{"rendered":"https:\/\/theworldwidejournal.com\/2017\/09\/25\/el-gobierno-italiano-contra-la-bandera-veneta-en-los-edificios-publicos\/"},"modified":"2017-09-25T03:43:02","modified_gmt":"2017-09-25T01:43:02","slug":"el-gobierno-italiano-contra-la-bandera-veneta-en-los-edificios-publicos","status":"publish","type":"post","link":"https:\/\/theworldwidejournal.com\/?p=8104","title":{"rendered":"El Gobierno italiano contra la bandera v\u00e9neta en los edificios p\u00fablicos"},"content":{"rendered":"<p>La bandera v\u00e9neta, con el le\u00f3n de San Marcos y una historia secular en representaci\u00f3n de la Rep\u00fablica de Venecia \u2013estado independiente desde el siglo IX hasta 1797-, se ha convertido en un delicado conflicto institucional entre el Gobierno italiano y la regi\u00f3n del V\u00e9neto. Roma se opone a que ondee en los edificios del Estado la bandera del V\u00e9neto, una de las 20 regiones italianas, con una poblaci\u00f3n de unos 5 millones, cuya capital es Venecia. El primer ministro, Paolo Gentiloni, decidi\u00f3, en el Consejo de ministros celebrado el s\u00e1bado, impugnar ante el Tribunal Constitucional la ley, aprobada el 29 de agosto por el gobierno regional del V\u00e9neto, que obligaba a exponer la bandera de la Regi\u00f3n en todos los edificios p\u00fablicos, tanto regionales como estatales, junto a las de la Uni\u00f3n Europea e Italia. La ley preve\u00eda sanciones entre 100 y 1.000 euros para quienes se opusieran. Entre los edificios se inclu\u00edan las comisar\u00edas, los tribunales, cuarteles, escuelas y hospitales. Seg\u00fan el gobierno Gentiloni, \u00abla exposici\u00f3n de la bandera contrasta con la legislaci\u00f3n estatal relativa al uso de los s\u00edmbolos oficiales; se invade la competencia legislativa reservada al Estado, y se violan principios constitucionales de razonabilidad, igualdad y de unidad, seg\u00fan los art\u00edculos 3 y 5 de la Constituci\u00f3n\u00bb. \u00abM\u00e1s de mil a\u00f1os de historia\u00bb La decisi\u00f3n del gobierno ha indignado al presidente de la regi\u00f3n Veneto, Luca Zaia, de la Liga Norte: \u00abSe trata de una decisi\u00f3n absurda. En Italia hay un mont\u00f3n de problemas y el gobierno dedica su precioso tiempo a la regi\u00f3n del V\u00e9neto, porque nos hemos permitido hacer una ley \u2018subversiva\u2019 para exponer la bandera en los edificios del Estado, una bandera que tiene m\u00e1s de mil a\u00f1os de historia. Defenderemos esta ley con actitud ghandiana\u00bb. Le ha replicado el responsable del gobierno para Asuntos Regionales, Gianclaudio Bressa: \u00abEsta es sencillamente la en\u00e9sima provocaci\u00f3n de Zaia; as\u00ed podr\u00e1 decir que \u00e9l es el campe\u00f3n de la autonom\u00eda mientras en Roma est\u00e1n los malos del centralismo del Estado. El presidente Zaia puede hacer que se exponga la bandera en los edificios de la regi\u00f3n, pero una cosa muy diferente es establecer la obligatoriedad de que ondee en los edificios del Estado; esto es absurdo\u00bb. Provocaci\u00f3n por un pu\u00f1ado de votos El presidente Luca Zaia se empe\u00f1\u00f3 en aprobar esta ley, a pesar del informe contrario del departamento legislativo regional, que consider\u00f3 que no se pod\u00eda equiparar a la bandera nacional italiana a la del V\u00e9neto. Muchos observadores, entre ellos el exalcalde de Venecia, el fil\u00f3sofo Massimo Cacciari, ven en la actitud de Luca Zaia una provocaci\u00f3n para ganar un pu\u00f1ado de votos alimentando las pulsiones autonomistas. \u00abEsta es una iniciativa sin sentido; es solamente una miserable caza al voto por parte de la base de la Liga Norte que tiene vivo el sentimiento nost\u00e1lgico de la secesi\u00f3n\u00bb. Referendos aut\u00f3nomicos Para el 22 de octubre hay previstos referendos auton\u00f3micos en la regiones de Veneto y Lombard\u00eda. El refer\u00e9ndum de Escocia lleg\u00f3 a calentar en su d\u00eda los \u00e1nimos independentistas de los l\u00edderes de la Liga Norte, que intent\u00f3 sin \u00e9xito promover un refer\u00e9ndum a favor de la autodeterminaci\u00f3n del V\u00e9neto. El entonces gobierno de Matteo Renzi lo impugn\u00f3, con un rotundo argumento: \u00abEs una ley que est\u00e1 en oposici\u00f3n a la Constituci\u00f3n, en particular con el art\u00edculo 5, que afirma que la Rep\u00fablica de Italia es una e indivisible\u00bb. Ahora, las regiones de Lombard\u00eda y V\u00e9neto promueven un refer\u00e9ndum de autonom\u00eda, con un objetivo: Tener m\u00e1s fuerza, en una eventual negociaci\u00f3n con el gobierno y posterior debate parlamentario, para lograr algo m\u00e1s de autonom\u00eda, sobre todo fiscal, con la pretensi\u00f3n de que los impuestos que pagan al Estado los ciudadanos de Lombardia y Veneto, se queden \u00abal menos en la mitad\u00bb, en ambas regiones. A la vista de la actitud de la mayor\u00eda de los partidos, adem\u00e1s de la radical oposici\u00f3n del sur, hoy por hoy en el parlamento italiano no se respira aire de hacer ese tipo de concesiones.<br \/>\nVia: <a href=\"http:\/\/www.abc.es\/internacional\/abci-gobierno-italiano-contra-bandera-veneta-edificios-publicos-201709250143_noticia.html\" target=\"_blank\">El Gobierno italiano contra la bandera v\u00e9neta en los edificios p\u00fablicos<\/a><\/p>\n","protected":false},"excerpt":{"rendered":"<p>La bandera v\u00e9neta, con el le\u00f3n de San Marcos y una historia secular en representaci\u00f3n de la Rep\u00fablica de Venecia \u2013estado independiente desde el siglo IX hasta 1797-, se ha convertido en un delicado conflicto institucional entre el Gobierno italiano y la regi\u00f3n del V\u00e9neto. Roma se opone a que [&hellip;]<\/p>\n","protected":false},"author":2,"featured_media":8105,"comment_status":"open","ping_status":"closed","sticky":false,"template":"","format":"standard","meta":{"footnotes":""},"categories":[6],"tags":[],"class_list":["post-8104","post","type-post","status-publish","format-standard","has-post-thumbnail","hentry","category-spanish"],"_links":{"self":[{"href":"https:\/\/theworldwidejournal.com\/index.php?rest_route=\/wp\/v2\/posts\/8104","targetHints":{"allow":["GET"]}}],"collection":[{"href":"https:\/\/theworldwidejournal.com\/index.php?rest_route=\/wp\/v2\/posts"}],"about":[{"href":"https:\/\/theworldwidejournal.com\/index.php?rest_route=\/wp\/v2\/types\/post"}],"author":[{"embeddable":true,"href":"https:\/\/theworldwidejournal.com\/index.php?rest_route=\/wp\/v2\/users\/2"}],"replies":[{"embeddable":true,"href":"https:\/\/theworldwidejournal.com\/index.php?rest_route=%2Fwp%2Fv2%2Fcomments&post=8104"}],"version-history":[{"count":0,"href":"https:\/\/theworldwidejournal.com\/index.php?rest_route=\/wp\/v2\/posts\/8104\/revisions"}],"wp:featuredmedia":[{"embeddable":true,"href":"https:\/\/theworldwidejournal.com\/index.php?rest_route=\/wp\/v2\/media\/8105"}],"wp:attachment":[{"href":"https:\/\/theworldwidejournal.com\/index.php?rest_route=%2Fwp%2Fv2%2Fmedia&parent=8104"}],"wp:term":[{"taxonomy":"category","embeddable":true,"href":"https:\/\/theworldwidejournal.com\/index.php?rest_route=%2Fwp%2Fv2%2Fcategories&post=8104"},{"taxonomy":"post_tag","embeddable":true,"href":"https:\/\/theworldwidejournal.com\/index.php?rest_route=%2Fwp%2Fv2%2Ftags&post=8104"}],"curies":[{"name":"wp","href":"https:\/\/api.w.org\/{rel}","templated":true}]}}