{"id":8170,"date":"2017-09-25T17:34:47","date_gmt":"2017-09-25T15:34:47","guid":{"rendered":"https:\/\/theworldwidejournal.com\/?p=8170"},"modified":"2017-09-25T17:34:47","modified_gmt":"2017-09-25T15:34:47","slug":"de-guindos-la-independencia-de-cataluna-es-un-suicidio-economico","status":"publish","type":"post","link":"https:\/\/theworldwidejournal.com\/?p=8170","title":{"rendered":"De Guindos: \u00abLa independencia de Catalu\u00f1a es un suicidio econ\u00f3mico\u00bb"},"content":{"rendered":"<p>El ministro de Econom\u00eda, Industria y Competitividad, Luis de Guindos, ha indicado este lunes que la independencia de Catalu\u00f1a ser\u00eda \u00abun suicidio desde el punto de vista econ\u00f3mico, financiero, pero tambi\u00e9n desde el punto de vista de la convivencia de los catalanes, y el Gobierno no va a dejar que eso ocurra\u00bb. Estas declaraciones las ha realizado durante su conferencia &#8216;Retos y oportunidades de la econom\u00eda espa\u00f1ola&#8217;, celebrada en Zaragoza con motivo de la clausura del ciclo de conferencias del 140 aniversario de Ibercaja y de homenaje a la Real Sociedad Econ\u00f3mica Aragonesa de Amigos del Pa\u00eds. El ministro ha afirmado que con \u00abserenidad\u00bb, pero tambi\u00e9n \u00abcon firmeza\u00bb el Gobierno va a poner \u00abtodos los medios\u00bb para que el Estado de derecho \u00abacabe prevaleciendo en el conjunto de Espa\u00f1a\u00bb. De Guindos ha aseverado que \u00abla independencia de Catalu\u00f1a no va a tener lugar\u00bb. Asimismo, ha detallado que no se va a producir por un tema de legalidad. \u00abNo debemos olvidar que una democracia se basa en dos pilares, uno es las elecciones y otra el respeto del Estado de Derecho\u00bb. Ha evidenciado que si se vota es para pasar \u00abde las preferencias individuales\u00bb a un sistema \u00abde preferencias colectivo\u00bb que se refleja en unas normas \u00abque hay que respetar\u00bb. Pero ha indicado que la \u00fanica raz\u00f3n no es la legalidad: \u00abA Catalu\u00f1a le ha ido y le va a ir mucho mejor con el resto de Espa\u00f1a, no s\u00f3lo desde el punto de vista econ\u00f3mico y financiero, tambi\u00e9n pol\u00edtico y social, y esto es lo que hay que subrayar, la independencia ser\u00eda un suicidio desde el punto de vista econ\u00f3mico, financiero, pero tambi\u00e9n desde el punto de vista de la convivencia de los catalanes\u00bb. De Guindos ha opinado que hay que intentar transmitir al conjunto de la sociedad el mensaje de que no se puede entender Espa\u00f1a sin Catalu\u00f1a ni Catalu\u00f1a sin Espa\u00f1a. \u00abA Catalu\u00f1a le va a ir mucho mejor si seguimos como estamos que en una situaci\u00f3n alternativa, no veo a Catalu\u00f1a fuera de la Uni\u00f3n Europea\u00bb, ha subrayado. Una comunidad abierta Asimismo, ha recordado que las exportaciones son el 75% del Producto Interior Bruto (PIB) en Catalu\u00f1a, y quedar\u00edan sujetas a un arancel en caso de que se independizara que, por ejemplo en el sector del autom\u00f3vil, ser\u00eda del 10%. Ha agregado que tampoco ve que en este territorio, \u00abuna de las comunidades aut\u00f3nomas m\u00e1s abiertas al exterior\u00bb, hubiese fronteras. En este punto, ha incidido en que cualquier territorio de un Estado que se separa queda fuera \u00abinmediatamente\u00bb de los tratados internacionales firmados por el pa\u00eds al que pertenec\u00eda. Ha aclarado que Catalu\u00f1a tambi\u00e9n perder\u00eda el euro como moneda. \u00abNo veo a las entidades financieras catalanas cambiando su domicilio\u00bb, indic\u00f3. Seg\u00fan el ministro, en una situaci\u00f3n as\u00ed se producir\u00e1 una contracci\u00f3n del cr\u00e9dito y Catalu\u00f1a deber\u00eda tener su propia moneda, \u00abque estar\u00eda muy devaluada con respecto al euro\u00bb, y su propio banco central. Ha avanzado que en Catalu\u00f1a habr\u00eda un gobierno \u00abmuy radical que ser\u00eda muy negativo\u00bb, por lo que ha incidido en que no contempla un escenario en el que la comunidad est\u00e9 fuera del pa\u00eds y ocurran todas estas circunstancias. El ministro de Econom\u00eda ha enfatizado que el refer\u00e9ndum del pr\u00f3ximo 1 de octubre en Catalu\u00f1a \u00abno va a ser legal\u00bb, ya que \u00abva a tener todas las carencias desde el punto de vista de las garant\u00edas\u00bb que tienen que tener este tipo de convocatorias. \u00abNo va a ser un refer\u00e9ndum normal, si acaso ser\u00e1 una pantomima\u00bb, a\u00f1adi\u00f3. \u00abHay gente que dice que la democracia es votar y s\u00ed, es una parte important\u00edsima, pero despu\u00e9s esos votos se van a unos representantes que aprueban unas normas y si alguien las violenta es casi tan grave como evitar instrumentalizar unas elecciones\u00bb, reiter\u00f3. As\u00ed, ha expresado que el Gobierno central est\u00e1 \u00abmuy dispuesto a hablar\u00bb. En el a\u00f1o 2012 el Parlamento catal\u00e1n aprob\u00f3 un pacto fiscal que, despu\u00e9s, la Generalitat present\u00f3 al Ejecutivo central, que respondi\u00f3 que no hab\u00eda margen para negociar la propuesta: \u00abSe habla de esto, pero en el a\u00f1o 12 ten\u00edamos un problema important\u00edsimo y es que est\u00e1bamos al borde del colapso\u00bb. De Guindos ha incidido en que en la \u00faltima Conferencia de Presidentes, el pasado 17 de enero donde se habl\u00f3 de un nuevo marco de la financiaci\u00f3n auton\u00f3mica y no hubo representante de la Generalitat. \u00abEsto indica la voluntad de di\u00e1logo de la otra parte\u00bb, incidi\u00f3. Ha subrayado que en la citada Conferencia se acept\u00f3 por todos que se podr\u00eda ir hacia \u00abun nuevo modelo de financiaci\u00f3n auton\u00f3mica general\u00bb, en el que ha incidido en que se pueden recoger las caracter\u00edsticas de cada una de las comunidades aut\u00f3nomas. \u00abM\u00e1s o menos poblaci\u00f3n, territorio, todas esas cuestiones se pueden hablar y estamos deseando\u00bb, afirm\u00f3. \u00abDesde la sensatez, desde la serenidad, desde el sentido com\u00fan, desde la mano tendida que siempre ha existido, el Gobierno va a hacer que se cumpla dicha legalidad, que no se quiebre el Estado de Derecho y, a partir de ah\u00ed, ese es el primer paso para volver a la normalidad\u00bb, defend\u00f3 el ministro. Las decisiones de la justicia Asimismo, ha agregado que, en lo que respecta a la financiaci\u00f3n auton\u00f3mica, ha sido la Administraci\u00f3n Central la que ha cedido \u00abcada vez m\u00e1s\u00bb, pero que algo que \u00abno se tiene que hacer con base a chantajes emocionales, se har\u00e1 con justicia y estoy convencido de que ninguna comunidad se podr\u00e1 considerar agraviada porque en principio todas mejorar\u00e1n\u00bb. En este punto, ha defendido un modelo como en Estados Unidos, en el que los estados federales no pueden tener d\u00e9ficit presupuestarios: \u00abSi la financiaci\u00f3n est\u00e1 correcta, la contraparte tiene que ser que no haya un d\u00e9ficit\u00bb. As\u00ed, ha agregado que el Gobierno, siempre dentro del marco constitucional, ha estado y va a estar con la mano tendida a Catalu\u00f1a sin generar ninguna situaci\u00f3n de agravio comparativo. Luis de Guindos ha concretado que para impedir el refer\u00e9ndum los que est\u00e1n actuando son los jueces y los fiscales aplicando la ley, \u00abcomo tiene&hellip;<br \/>\nVia: <a href=\"http:\/\/www.abc.es\/economia\/abci-guindos-independencia-suicidio-economico-201709251534_noticia.html\" target=\"_blank\">De Guindos: \u00abLa independencia de Catalu\u00f1a es un suicidio econ\u00f3mico\u00bb<\/a><\/p>\n","protected":false},"excerpt":{"rendered":"<p>El ministro de Econom\u00eda, Industria y Competitividad, Luis de Guindos, ha indicado este lunes que la independencia de Catalu\u00f1a ser\u00eda \u00abun suicidio desde el punto de vista econ\u00f3mico, financiero, pero tambi\u00e9n desde el punto de vista de la convivencia de los catalanes, y el Gobierno no va a dejar que [&hellip;]<\/p>\n","protected":false},"author":2,"featured_media":8171,"comment_status":"open","ping_status":"closed","sticky":false,"template":"","format":"standard","meta":{"footnotes":""},"categories":[6],"tags":[],"class_list":["post-8170","post","type-post","status-publish","format-standard","has-post-thumbnail","hentry","category-spanish"],"_links":{"self":[{"href":"https:\/\/theworldwidejournal.com\/index.php?rest_route=\/wp\/v2\/posts\/8170","targetHints":{"allow":["GET"]}}],"collection":[{"href":"https:\/\/theworldwidejournal.com\/index.php?rest_route=\/wp\/v2\/posts"}],"about":[{"href":"https:\/\/theworldwidejournal.com\/index.php?rest_route=\/wp\/v2\/types\/post"}],"author":[{"embeddable":true,"href":"https:\/\/theworldwidejournal.com\/index.php?rest_route=\/wp\/v2\/users\/2"}],"replies":[{"embeddable":true,"href":"https:\/\/theworldwidejournal.com\/index.php?rest_route=%2Fwp%2Fv2%2Fcomments&post=8170"}],"version-history":[{"count":0,"href":"https:\/\/theworldwidejournal.com\/index.php?rest_route=\/wp\/v2\/posts\/8170\/revisions"}],"wp:featuredmedia":[{"embeddable":true,"href":"https:\/\/theworldwidejournal.com\/index.php?rest_route=\/wp\/v2\/media\/8171"}],"wp:attachment":[{"href":"https:\/\/theworldwidejournal.com\/index.php?rest_route=%2Fwp%2Fv2%2Fmedia&parent=8170"}],"wp:term":[{"taxonomy":"category","embeddable":true,"href":"https:\/\/theworldwidejournal.com\/index.php?rest_route=%2Fwp%2Fv2%2Fcategories&post=8170"},{"taxonomy":"post_tag","embeddable":true,"href":"https:\/\/theworldwidejournal.com\/index.php?rest_route=%2Fwp%2Fv2%2Ftags&post=8170"}],"curies":[{"name":"wp","href":"https:\/\/api.w.org\/{rel}","templated":true}]}}