{"id":8235,"date":"2017-09-25T23:10:30","date_gmt":"2017-09-25T21:10:30","guid":{"rendered":"https:\/\/theworldwidejournal.com\/2017\/09\/25\/trapero-evita-asistir-a-la-reunion-con-interior-sobre-el-referendum\/"},"modified":"2017-09-25T23:10:30","modified_gmt":"2017-09-25T21:10:30","slug":"trapero-evita-asistir-a-la-reunion-con-interior-sobre-el-referendum","status":"publish","type":"post","link":"https:\/\/theworldwidejournal.com\/?p=8235","title":{"rendered":"Trapero evita asistir a la reuni\u00f3n con Interior sobre el refer\u00e9ndum"},"content":{"rendered":"<p>El comisario de los Mossos, Josep Llu\u00eds Trapero, en un acto muy simb\u00f3lico, decidi\u00f3 este lunes mandar a su n\u00famero dos a la reuni\u00f3n en la Delegaci\u00f3n del Gobierno en Catalu\u00f1a sobre los planes policiales contra el refer\u00e9ndum. En la cita, dirigida por el coronel de la Guardia Civil y n\u00famero tres de la Secretar\u00eda de Estado, Diego L\u00f3pez de los Cobos, se trataron detalles operativos. El comisario de los Mossos Ferran L\u00f3pez anunci\u00f3 que han solicitado a la fiscal\u00eda que la coordinaci\u00f3n sea a trav\u00e9s de la Junta de Seguridad.Seguir leyendo.<br \/>\nVia: <a href=\"https:\/\/elpais.com\/ccaa\/2017\/09\/25\/catalunya\/1506359807_286489.html#?ref=rss&#038;format=simple&#038;link=link\" target=\"_blank\">Trapero evita asistir a la reuni\u00f3n con Interior sobre el refer\u00e9ndum<\/a><\/p>\n","protected":false},"excerpt":{"rendered":"<p>El comisario de los Mossos, Josep Llu\u00eds Trapero, en un acto muy simb\u00f3lico, decidi\u00f3 este lunes mandar a su n\u00famero dos a la reuni\u00f3n en la Delegaci\u00f3n del Gobierno en Catalu\u00f1a sobre los planes policiales contra el refer\u00e9ndum. En la cita, dirigida por el coronel de la Guardia Civil y [&hellip;]<\/p>\n","protected":false},"author":2,"featured_media":0,"comment_status":"open","ping_status":"closed","sticky":false,"template":"","format":"standard","meta":{"footnotes":""},"categories":[6],"tags":[],"class_list":["post-8235","post","type-post","status-publish","format-standard","hentry","category-spanish"],"_links":{"self":[{"href":"https:\/\/theworldwidejournal.com\/index.php?rest_route=\/wp\/v2\/posts\/8235","targetHints":{"allow":["GET"]}}],"collection":[{"href":"https:\/\/theworldwidejournal.com\/index.php?rest_route=\/wp\/v2\/posts"}],"about":[{"href":"https:\/\/theworldwidejournal.com\/index.php?rest_route=\/wp\/v2\/types\/post"}],"author":[{"embeddable":true,"href":"https:\/\/theworldwidejournal.com\/index.php?rest_route=\/wp\/v2\/users\/2"}],"replies":[{"embeddable":true,"href":"https:\/\/theworldwidejournal.com\/index.php?rest_route=%2Fwp%2Fv2%2Fcomments&post=8235"}],"version-history":[{"count":0,"href":"https:\/\/theworldwidejournal.com\/index.php?rest_route=\/wp\/v2\/posts\/8235\/revisions"}],"wp:attachment":[{"href":"https:\/\/theworldwidejournal.com\/index.php?rest_route=%2Fwp%2Fv2%2Fmedia&parent=8235"}],"wp:term":[{"taxonomy":"category","embeddable":true,"href":"https:\/\/theworldwidejournal.com\/index.php?rest_route=%2Fwp%2Fv2%2Fcategories&post=8235"},{"taxonomy":"post_tag","embeddable":true,"href":"https:\/\/theworldwidejournal.com\/index.php?rest_route=%2Fwp%2Fv2%2Ftags&post=8235"}],"curies":[{"name":"wp","href":"https:\/\/api.w.org\/{rel}","templated":true}]}}