{"id":8236,"date":"2017-09-26T05:14:21","date_gmt":"2017-09-26T03:14:21","guid":{"rendered":"https:\/\/theworldwidejournal.com\/?p=8236"},"modified":"2017-09-26T05:14:21","modified_gmt":"2017-09-26T03:14:21","slug":"el-numero-2-de-page-oculto-en-su-declaracion-un-fondo-de-60-000-euros","status":"publish","type":"post","link":"https:\/\/theworldwidejournal.com\/?p=8236","title":{"rendered":"El n\u00famero 2 de Page ocult\u00f3 en su declaraci\u00f3n un fondo de 60.000 euros"},"content":{"rendered":"<p>Las declaraciones de bienes del vicepresidente segundo del Gobierno de Castilla-La Mancha y secretario general de Podemos en la regi\u00f3n, Jos\u00e9 Garc\u00eda Molina, reflejan un m\u00e1s que considerable incremento patrimonial en los dos a\u00f1os que lleva dedicado a la pol\u00edtica. En su primera declaraci\u00f3n presentada en las Cortes de Castilla-La Mancha, correspondiente a 2015, Garc\u00eda Molina comunicaba tener 39.879,46 euros en cuentas bancarias. Solo dos a\u00f1os despu\u00e9s, a finales del pasado agosto, el apoyo del Gobierno de Emiliano Garc\u00eda-Page declar\u00f3 saldos bancarios por un total de 145.979,46 euros, una cifra que multiplica por 3,7 sus ahorros previos a la entrada en pol\u00edtica. El mayor incremento se debe a la aparici\u00f3n de u n fondo de inversi\u00f3n valorado en 60.000 euros en la declaraci\u00f3n de 2017. ABC cotej\u00f3 ayer las cifras con Garc\u00eda Molina, quien asegur\u00f3 que ese producto financiero \u00abes de hace a\u00f1os, de antes de mi entrada en pol\u00edtica\u00bb. Preguntado por qu\u00e9 entonces no aparece en la primera declaraci\u00f3n que hizo como cargo p\u00fablico -2015- ni en la segunda -2016-, sostiene que \u00abseguro que lo declar\u00e9\u00bb. Pese a esta certeza, en las declaraciones de bienes publicadas en el Diario Oficial de Castilla-La Mancha en los a\u00f1os 2015 y 2016 no hay rastro alguno de esos 60.000 euros. O se trat\u00f3 de un olvido o no los declar\u00f3 de forma consciente. Precisamente, el l\u00edder regional de Podemos comparece este mi\u00e9rcoles en el Parlamento auton\u00f3mico para explicar su situaci\u00f3n patrimonial. El dinero que Garc\u00eda Molina atesora en entidades financieras se divide en 85.979,46 euros en cuentas bancarias y los 60.000 del fondo de inversi\u00f3n. Declaraci\u00f3n de 2015, en la que el apartado de \u00abfondos de inversi\u00f3n\u00bb est\u00e1 en blanco- ABC Delcaraci\u00f3n de bienes de 2016, en la que sigue sin aparecer el fondo de inversi\u00f3n- ABC Declaraci\u00f3n de 2017, donde s\u00ed aparece el fondo de inversi\u00f3n de 60.000 euros- ABC El mayor incremento tuvo lugar entre los a\u00f1os 2016 y 2017. Los 39.879,46 euros que ten\u00eda antes de dedicarse a la pol\u00edtica pasaron a 73.150 en 2016 y a los citados 145.979,46 de 2017. Oficialmente sus ahorros se habr\u00edan duplicado en el \u00faltimo a\u00f1o. Garc\u00eda Molina mantiene que su capacidad de ahorro se debe a su vida \u00abaustera\u00bb y a que en 2015 termin\u00f3 de pagar la hipoteca. En cuanto a su capital inmobiliario no ha variado en estos dos a\u00f1os. Es due\u00f1o de un piso en Talavera de la Reina y de un tercio de otra vivienda en Barcelona. garc\u00eda Molina, dsurante su reuni\u00f3n con Oriol Junqueras- EFE Escudero de Pablo Iglesias, apoyo inc\u00f3modo de Page Jos\u00e9 Garc\u00eda Molina (Barcelona, 1969), el l\u00edder de Podemos en Castilla-La Mancha, confes\u00f3 a ABC que se hab\u00eda metido en pol\u00edtica porque la mayor\u00eda de los alumnos a los que daba clase en la universidad (de Educaci\u00f3n Social, en Talavera de la Reina) le llamaban para decirle: \u00abJos\u00e9, he tenido suerte, estoy trabajando de camarero o de dependiente, o me he ido de Espa\u00f1a\u00bb. De ser un perfecto desconocido, Garc\u00eda Molina se ha convertido en solo dos a\u00f1os en un personaje clave en la pol\u00edtica regional. La falta de mayor\u00eda absoluta del Gobierno socialista hace que el presidente Emiliano Garc\u00eda-Page est\u00e9 a merced de Podemos. Como cuando en abril, el partido morado tumb\u00f3 los Presupuestos en el \u00faltimo momento ante la sorpresa general despu\u00e9s de, supuestamente, tenerlos pactados con el PSOE. Eso provoc\u00f3 una crisis en la que Page amag\u00f3 con convocar elecciones y que finalmente se solucion\u00f3 este verano con la entrada de dos miembros de Podemos en el Gobierno. Uno de ellos el propio Garc\u00eda Molina, que ahora es el vicepresidente segundo. Fiel escudero de Pablo Iglesias, el l\u00edder podemita en Castilla-La Mancha ha ganado todas las batallas internas en el partido. En el \u00faltimo congreso de Podemos fue elegido responsable de Pol\u00edticas Auton\u00f3micas y por eso este fin de semana se reuni\u00f3 en Barcelona con Oriol Junqueras y Ada Colau. Algo que en la regi\u00f3n ha sido utilizado por el PP para atacar a Page por entender que gobierna con quien secunda a los independentistas catalanes, mientras que los socialistas se apresuraron a aclarar que Garc\u00eda Molina se hab\u00eda citado como responsable de Podemos y no como miembro del Gobierno. JUAN ANTONIO P\u00c9REZ<br \/>\nVia: <a href=\"http:\/\/www.abc.es\/espana\/abci-numero-2-page-oculto-declaracion-bienes-fondo-inversion-60000-euros-201709260314_noticia.html\" target=\"_blank\">El n\u00famero 2 de Page ocult\u00f3 en su declaraci\u00f3n un fondo de 60.000 euros<\/a><\/p>\n","protected":false},"excerpt":{"rendered":"<p>Las declaraciones de bienes del vicepresidente segundo del Gobierno de Castilla-La Mancha y secretario general de Podemos en la regi\u00f3n, Jos\u00e9 Garc\u00eda Molina, reflejan un m\u00e1s que considerable incremento patrimonial en los dos a\u00f1os que lleva dedicado a la pol\u00edtica. En su primera declaraci\u00f3n presentada en las Cortes de Castilla-La [&hellip;]<\/p>\n","protected":false},"author":2,"featured_media":8237,"comment_status":"open","ping_status":"closed","sticky":false,"template":"","format":"standard","meta":{"footnotes":""},"categories":[6],"tags":[],"class_list":["post-8236","post","type-post","status-publish","format-standard","has-post-thumbnail","hentry","category-spanish"],"_links":{"self":[{"href":"https:\/\/theworldwidejournal.com\/index.php?rest_route=\/wp\/v2\/posts\/8236","targetHints":{"allow":["GET"]}}],"collection":[{"href":"https:\/\/theworldwidejournal.com\/index.php?rest_route=\/wp\/v2\/posts"}],"about":[{"href":"https:\/\/theworldwidejournal.com\/index.php?rest_route=\/wp\/v2\/types\/post"}],"author":[{"embeddable":true,"href":"https:\/\/theworldwidejournal.com\/index.php?rest_route=\/wp\/v2\/users\/2"}],"replies":[{"embeddable":true,"href":"https:\/\/theworldwidejournal.com\/index.php?rest_route=%2Fwp%2Fv2%2Fcomments&post=8236"}],"version-history":[{"count":0,"href":"https:\/\/theworldwidejournal.com\/index.php?rest_route=\/wp\/v2\/posts\/8236\/revisions"}],"wp:featuredmedia":[{"embeddable":true,"href":"https:\/\/theworldwidejournal.com\/index.php?rest_route=\/wp\/v2\/media\/8237"}],"wp:attachment":[{"href":"https:\/\/theworldwidejournal.com\/index.php?rest_route=%2Fwp%2Fv2%2Fmedia&parent=8236"}],"wp:term":[{"taxonomy":"category","embeddable":true,"href":"https:\/\/theworldwidejournal.com\/index.php?rest_route=%2Fwp%2Fv2%2Fcategories&post=8236"},{"taxonomy":"post_tag","embeddable":true,"href":"https:\/\/theworldwidejournal.com\/index.php?rest_route=%2Fwp%2Fv2%2Ftags&post=8236"}],"curies":[{"name":"wp","href":"https:\/\/api.w.org\/{rel}","templated":true}]}}