{"id":8240,"date":"2017-09-26T04:46:51","date_gmt":"2017-09-26T02:46:51","guid":{"rendered":"https:\/\/theworldwidejournal.com\/?p=8240"},"modified":"2017-09-26T04:46:51","modified_gmt":"2017-09-26T02:46:51","slug":"herido-un-hombre-tras-ser-apunalado-frente-a-una-mezquita-de-manchester","status":"publish","type":"post","link":"https:\/\/theworldwidejournal.com\/?p=8240","title":{"rendered":"Herido un hombre tras ser apu\u00f1alado frente a una mezquita de M\u00e1nchester"},"content":{"rendered":"<p>Un hombre ha resultado herido este lunes tras ser apu\u00f1alado frente a una mezquita de la localidad brit\u00e1nica de M\u00e1nchester, en un suceso que la Polic\u00eda est\u00e1 tratando como un crimen de odio. La v\u00edctima, identificada como Nasser Kurdi, estaba llegando al centro isl\u00e1mico Altrincham para los rezos de la tarde cuando fue apu\u00f1alado en el cuello por la espalda, seg\u00fan ha informado el diario brit\u00e1nico &#8216;The Guardian&#8217;. Un amigo de Kurdi, quien es adem\u00e1s cirujano, le ha descrito como una persona \u00abmuy amable y querida por la comunidad, tanto por los musulmanes como por los no musulmanes\u00bb. \u00abHa necesitado recibir puntos y pasar\u00e1 la noche en el hospital. Es incre\u00edblemente afortunado. Este incidente nos ha afectado\u00bb, ha agregado. El secretario general del Consejo Musulm\u00e1n de Reino Unido, Harun Khan, ha condenado lo ocurrido, afirmando que \u00absus rezos est\u00e1n con la v\u00edctima, su familia y la comunidad local\u00bb, tal y como ha recogido el diario local &#8216;Manchester Evening News&#8217;. La mezquita central de M\u00e1nchester ha manifestado a trav\u00e9s de su p\u00e1gina en la red social Facebook que Kurdi trabaja en el hospital de Wythenshawe, agregando que a veces encabezaba los rezos del viernes. Por su parte, la Polic\u00eda ha confirmado la detenci\u00f3n de dos personas, de 32 y 54 a\u00f1os de edad. \u00abSi bien estamos a\u00fan recopilando todas las pruebas, podemos estar seguros de que no hay lugar para los cr\u00edmenes de odio en nuestras calles\u00bb, ha recalcado un portavoz de la Polic\u00eda local.<br \/>\nVia: <a href=\"http:\/\/www.abc.es\/internacional\/abci-herido-hombre-tras-apunalado-frente-mezquita-manchester-201709260246_noticia.html\" target=\"_blank\">Herido un hombre tras ser apu\u00f1alado frente a una mezquita de M\u00e1nchester<\/a><\/p>\n","protected":false},"excerpt":{"rendered":"<p>Un hombre ha resultado herido este lunes tras ser apu\u00f1alado frente a una mezquita de la localidad brit\u00e1nica de M\u00e1nchester, en un suceso que la Polic\u00eda est\u00e1 tratando como un crimen de odio. La v\u00edctima, identificada como Nasser Kurdi, estaba llegando al centro isl\u00e1mico Altrincham para los rezos de la [&hellip;]<\/p>\n","protected":false},"author":2,"featured_media":0,"comment_status":"open","ping_status":"closed","sticky":false,"template":"","format":"standard","meta":{"footnotes":""},"categories":[6],"tags":[],"class_list":["post-8240","post","type-post","status-publish","format-standard","hentry","category-spanish"],"_links":{"self":[{"href":"https:\/\/theworldwidejournal.com\/index.php?rest_route=\/wp\/v2\/posts\/8240","targetHints":{"allow":["GET"]}}],"collection":[{"href":"https:\/\/theworldwidejournal.com\/index.php?rest_route=\/wp\/v2\/posts"}],"about":[{"href":"https:\/\/theworldwidejournal.com\/index.php?rest_route=\/wp\/v2\/types\/post"}],"author":[{"embeddable":true,"href":"https:\/\/theworldwidejournal.com\/index.php?rest_route=\/wp\/v2\/users\/2"}],"replies":[{"embeddable":true,"href":"https:\/\/theworldwidejournal.com\/index.php?rest_route=%2Fwp%2Fv2%2Fcomments&post=8240"}],"version-history":[{"count":0,"href":"https:\/\/theworldwidejournal.com\/index.php?rest_route=\/wp\/v2\/posts\/8240\/revisions"}],"wp:attachment":[{"href":"https:\/\/theworldwidejournal.com\/index.php?rest_route=%2Fwp%2Fv2%2Fmedia&parent=8240"}],"wp:term":[{"taxonomy":"category","embeddable":true,"href":"https:\/\/theworldwidejournal.com\/index.php?rest_route=%2Fwp%2Fv2%2Fcategories&post=8240"},{"taxonomy":"post_tag","embeddable":true,"href":"https:\/\/theworldwidejournal.com\/index.php?rest_route=%2Fwp%2Fv2%2Ftags&post=8240"}],"curies":[{"name":"wp","href":"https:\/\/api.w.org\/{rel}","templated":true}]}}