{"id":8260,"date":"2017-09-26T15:08:14","date_gmt":"2017-09-26T13:08:14","guid":{"rendered":"https:\/\/theworldwidejournal.com\/2017\/09\/26\/allemagne-marginalisee-par-les-plus-radicaux-frauke-petry-quitte-lafd-le-parti-dextreme-droite\/"},"modified":"2017-09-26T15:08:14","modified_gmt":"2017-09-26T13:08:14","slug":"allemagne-marginalisee-par-les-plus-radicaux-frauke-petry-quitte-lafd-le-parti-dextreme-droite","status":"publish","type":"post","link":"https:\/\/theworldwidejournal.com\/?p=8260","title":{"rendered":"Allemagne : marginalis\u00e9e par les plus radicaux, Frauke Petry quitte l\u2019AfD, le parti d\u2019extr\u00eame droite"},"content":{"rendered":"<p>Le d\u00e9part de la copr\u00e9sidente de la formation d\u2019extr\u00eame droite pourrait entra\u00eener d\u2019autres d\u00e9fections au sein d\u2019un parti perclus de divisions.<br \/>\nVia: <a href=\"http:\/\/www.lemonde.fr\/europe\/article\/2017\/09\/26\/allemagne-marginalisee-par-les-plus-radicaux-frauke-petry-quitte-l-afd-le-parti-d-extreme-droite_5191698_3214.html?xtor=RSS-3208\" target=\"_blank\">Allemagne : marginalis\u00e9e par les plus radicaux, Frauke Petry quitte l\u2019AfD, le parti d\u2019extr\u00eame droite<\/a><\/p>\n","protected":false},"excerpt":{"rendered":"<p>Le d\u00e9part de la copr\u00e9sidente de la formation d\u2019extr\u00eame droite pourrait entra\u00eener d\u2019autres d\u00e9fections au sein d\u2019un parti perclus de divisions. Via: Allemagne : marginalis\u00e9e par les plus radicaux, Frauke Petry quitte l\u2019AfD, le parti d\u2019extr\u00eame droite<\/p>\n","protected":false},"author":2,"featured_media":0,"comment_status":"open","ping_status":"closed","sticky":false,"template":"","format":"standard","meta":{"footnotes":""},"categories":[4],"tags":[],"class_list":["post-8260","post","type-post","status-publish","format-standard","hentry","category-french"],"_links":{"self":[{"href":"https:\/\/theworldwidejournal.com\/index.php?rest_route=\/wp\/v2\/posts\/8260","targetHints":{"allow":["GET"]}}],"collection":[{"href":"https:\/\/theworldwidejournal.com\/index.php?rest_route=\/wp\/v2\/posts"}],"about":[{"href":"https:\/\/theworldwidejournal.com\/index.php?rest_route=\/wp\/v2\/types\/post"}],"author":[{"embeddable":true,"href":"https:\/\/theworldwidejournal.com\/index.php?rest_route=\/wp\/v2\/users\/2"}],"replies":[{"embeddable":true,"href":"https:\/\/theworldwidejournal.com\/index.php?rest_route=%2Fwp%2Fv2%2Fcomments&post=8260"}],"version-history":[{"count":0,"href":"https:\/\/theworldwidejournal.com\/index.php?rest_route=\/wp\/v2\/posts\/8260\/revisions"}],"wp:attachment":[{"href":"https:\/\/theworldwidejournal.com\/index.php?rest_route=%2Fwp%2Fv2%2Fmedia&parent=8260"}],"wp:term":[{"taxonomy":"category","embeddable":true,"href":"https:\/\/theworldwidejournal.com\/index.php?rest_route=%2Fwp%2Fv2%2Fcategories&post=8260"},{"taxonomy":"post_tag","embeddable":true,"href":"https:\/\/theworldwidejournal.com\/index.php?rest_route=%2Fwp%2Fv2%2Ftags&post=8260"}],"curies":[{"name":"wp","href":"https:\/\/api.w.org\/{rel}","templated":true}]}}