{"id":8303,"date":"2017-09-26T15:43:04","date_gmt":"2017-09-26T13:43:04","guid":{"rendered":"https:\/\/theworldwidejournal.com\/2017\/09\/26\/dimite-el-presidente-de-aena-jose-manuel-vargas-por-motivos-personales\/"},"modified":"2017-09-26T15:43:04","modified_gmt":"2017-09-26T13:43:04","slug":"dimite-el-presidente-de-aena-jose-manuel-vargas-por-motivos-personales","status":"publish","type":"post","link":"https:\/\/theworldwidejournal.com\/?p=8303","title":{"rendered":"Dimite el presidente de Aena, Jos\u00e9 Manuel Vargas, \u201cpor motivos personales\u201d"},"content":{"rendered":"<p>El presidente de Aena, Jos\u00e9 Manuel Vargas, ha presentado este martes su dimisi\u00f3n del cargo alegando motivos personales, seg\u00fan ha informado este martes el operador aeroportuario a la Comisi\u00f3n Nacional del Mercado de Valores (CNMV). La salida de Vargas se har\u00e1 efectiva efectiva el pr\u00f3ximo 15 de octubre. La compa\u00f1\u00eda no ha revelado qui\u00e9n ser\u00e1 su sucesor, que deber\u00e1 ser nombrado a propuesta del Ministerio de Fomento.Seguir leyendo.<br \/>\nVia: <a href=\"https:\/\/elpais.com\/economia\/2017\/09\/26\/actualidad\/1506430846_044867.html#?ref=rss&#038;format=simple&#038;link=link\" target=\"_blank\">Dimite el presidente de Aena, Jos\u00e9 Manuel Vargas, \u201cpor motivos personales\u201d<\/a><\/p>\n","protected":false},"excerpt":{"rendered":"<p>El presidente de Aena, Jos\u00e9 Manuel Vargas, ha presentado este martes su dimisi\u00f3n del cargo alegando motivos personales, seg\u00fan ha informado este martes el operador aeroportuario a la Comisi\u00f3n Nacional del Mercado de Valores (CNMV). La salida de Vargas se har\u00e1 efectiva efectiva el pr\u00f3ximo 15 de octubre. La compa\u00f1\u00eda [&hellip;]<\/p>\n","protected":false},"author":2,"featured_media":0,"comment_status":"open","ping_status":"closed","sticky":false,"template":"","format":"standard","meta":{"footnotes":""},"categories":[6],"tags":[],"class_list":["post-8303","post","type-post","status-publish","format-standard","hentry","category-spanish"],"_links":{"self":[{"href":"https:\/\/theworldwidejournal.com\/index.php?rest_route=\/wp\/v2\/posts\/8303","targetHints":{"allow":["GET"]}}],"collection":[{"href":"https:\/\/theworldwidejournal.com\/index.php?rest_route=\/wp\/v2\/posts"}],"about":[{"href":"https:\/\/theworldwidejournal.com\/index.php?rest_route=\/wp\/v2\/types\/post"}],"author":[{"embeddable":true,"href":"https:\/\/theworldwidejournal.com\/index.php?rest_route=\/wp\/v2\/users\/2"}],"replies":[{"embeddable":true,"href":"https:\/\/theworldwidejournal.com\/index.php?rest_route=%2Fwp%2Fv2%2Fcomments&post=8303"}],"version-history":[{"count":0,"href":"https:\/\/theworldwidejournal.com\/index.php?rest_route=\/wp\/v2\/posts\/8303\/revisions"}],"wp:attachment":[{"href":"https:\/\/theworldwidejournal.com\/index.php?rest_route=%2Fwp%2Fv2%2Fmedia&parent=8303"}],"wp:term":[{"taxonomy":"category","embeddable":true,"href":"https:\/\/theworldwidejournal.com\/index.php?rest_route=%2Fwp%2Fv2%2Fcategories&post=8303"},{"taxonomy":"post_tag","embeddable":true,"href":"https:\/\/theworldwidejournal.com\/index.php?rest_route=%2Fwp%2Fv2%2Ftags&post=8303"}],"curies":[{"name":"wp","href":"https:\/\/api.w.org\/{rel}","templated":true}]}}