{"id":8305,"date":"2017-09-26T15:33:29","date_gmt":"2017-09-26T13:33:29","guid":{"rendered":"https:\/\/theworldwidejournal.com\/2017\/09\/26\/felipe-gonzalez-afirma-que-espana-vive-una-dramatica-crisis-de-estado-y-compara-la-situacion-en-cataluna-con-venezuela\/"},"modified":"2017-09-26T15:33:29","modified_gmt":"2017-09-26T13:33:29","slug":"felipe-gonzalez-afirma-que-espana-vive-una-dramatica-crisis-de-estado-y-compara-la-situacion-en-cataluna-con-venezuela","status":"publish","type":"post","link":"https:\/\/theworldwidejournal.com\/?p=8305","title":{"rendered":"Felipe Gonz\u00e1lez afirma que Espa\u00f1a vive una \u201cdram\u00e1tica crisis de Estado\u201d y compara la situaci\u00f3n en Catalu\u00f1a con Venezuela"},"content":{"rendered":"<p>El expresidente del Gobierno Felipe Gonz\u00e1lez ha afirmado este martes que Espa\u00f1a vive una &#8220;dram\u00e1tica crisis de Estado&#8221; por la situaci\u00f3n en Catalu\u00f1a, una situaci\u00f3n que es lo que m\u00e1s le ha preocupado &#8220;en los \u00faltimos 40 a\u00f1os&#8221;. Para \u00e9l, lo m\u00e1s preocupante de lo que sucede en Catalu\u00f1a es \u201cla quiebra de la convivencia\u201d que, en opini\u00f3n del expresidente del Gobierno, sucedi\u00f3 en apenas 48 horas, \u201cel seis y el siete de septiembre\u201d, cuando el Parlament catal\u00e1n aprob\u00f3 la ley del refer\u00e9ndum y la de desconexi\u00f3n salt\u00e1ndose incluso el reglamento de la c\u00e1mara. Para recuperar esa convivencia, Gonz\u00e1lez ha reclamado a las autoridades catalanas \u201cque rectifiquen y vuelvan a la legalidad del Estatuto y de la Constituci\u00f3n. Por ese orden, el Estatuto es la fuente de su legitimidad\u201d.Seguir leyendo.<br \/>\nVia: <a href=\"https:\/\/elpais.com\/politica\/2017\/09\/26\/actualidad\/1506422628_653630.html#?ref=rss&#038;format=simple&#038;link=link\" target=\"_blank\">Felipe Gonz\u00e1lez afirma que Espa\u00f1a vive una \u201cdram\u00e1tica crisis de Estado\u201d y compara la situaci\u00f3n en Catalu\u00f1a con Venezuela<\/a><\/p>\n","protected":false},"excerpt":{"rendered":"<p>El expresidente del Gobierno Felipe Gonz\u00e1lez ha afirmado este martes que Espa\u00f1a vive una &#8220;dram\u00e1tica crisis de Estado&#8221; por la situaci\u00f3n en Catalu\u00f1a, una situaci\u00f3n que es lo que m\u00e1s le ha preocupado &#8220;en los \u00faltimos 40 a\u00f1os&#8221;. Para \u00e9l, lo m\u00e1s preocupante de lo que sucede en Catalu\u00f1a es [&hellip;]<\/p>\n","protected":false},"author":2,"featured_media":0,"comment_status":"open","ping_status":"closed","sticky":false,"template":"","format":"standard","meta":{"footnotes":""},"categories":[6],"tags":[],"class_list":["post-8305","post","type-post","status-publish","format-standard","hentry","category-spanish"],"_links":{"self":[{"href":"https:\/\/theworldwidejournal.com\/index.php?rest_route=\/wp\/v2\/posts\/8305","targetHints":{"allow":["GET"]}}],"collection":[{"href":"https:\/\/theworldwidejournal.com\/index.php?rest_route=\/wp\/v2\/posts"}],"about":[{"href":"https:\/\/theworldwidejournal.com\/index.php?rest_route=\/wp\/v2\/types\/post"}],"author":[{"embeddable":true,"href":"https:\/\/theworldwidejournal.com\/index.php?rest_route=\/wp\/v2\/users\/2"}],"replies":[{"embeddable":true,"href":"https:\/\/theworldwidejournal.com\/index.php?rest_route=%2Fwp%2Fv2%2Fcomments&post=8305"}],"version-history":[{"count":0,"href":"https:\/\/theworldwidejournal.com\/index.php?rest_route=\/wp\/v2\/posts\/8305\/revisions"}],"wp:attachment":[{"href":"https:\/\/theworldwidejournal.com\/index.php?rest_route=%2Fwp%2Fv2%2Fmedia&parent=8305"}],"wp:term":[{"taxonomy":"category","embeddable":true,"href":"https:\/\/theworldwidejournal.com\/index.php?rest_route=%2Fwp%2Fv2%2Fcategories&post=8305"},{"taxonomy":"post_tag","embeddable":true,"href":"https:\/\/theworldwidejournal.com\/index.php?rest_route=%2Fwp%2Fv2%2Ftags&post=8305"}],"curies":[{"name":"wp","href":"https:\/\/api.w.org\/{rel}","templated":true}]}}