{"id":8381,"date":"2017-09-27T05:13:28","date_gmt":"2017-09-27T03:13:28","guid":{"rendered":"https:\/\/theworldwidejournal.com\/?p=8381"},"modified":"2017-09-27T05:13:28","modified_gmt":"2017-09-27T03:13:28","slug":"molina-miente-al-decir-que-declaro-su-fondo-de-60-000-euros","status":"publish","type":"post","link":"https:\/\/theworldwidejournal.com\/?p=8381","title":{"rendered":"Molina miente al decir que \u00abdeclar\u00f3\u00bb su fondo de 60.000 euros"},"content":{"rendered":"<p>El vicepresidente segundo del Gobierno de Castilla-La Mancha y secretario regional de Podemos, Jos\u00e9 Garc\u00eda Molina, intent\u00f3 justificar ayer sin \u00e9xito no haber declarado un fondo de inversi\u00f3n de 60.000 euros en los formularios patrimoniales de las Cortes. Asegur\u00f3 que el motivo de que sus fondos declarados se multiplicaran por 3,7 en solo dos a\u00f1os obedece a que termin\u00f3 de pagar la hipoteca de su casa y cobr\u00f3 de una indemnizaci\u00f3n familiar por la muerte de su padre en un atropello. Sin embargo, no fue capaz de aportar ning\u00fan documento que rebatiera la informaci\u00f3n de ABC en la que se desvelaba la ocultaci\u00f3n de un fondo de inversi\u00f3n de 60.000 euros que no hizo constar en sus declaraciones de bienes publicadas en el Diario Oficial de Castilla-La Mancha (DOCM) en los a\u00f1os 2015 y 2016, y que s\u00ed ha declarado este a\u00f1o. El l\u00edder regional de Podemos reconoci\u00f3 que ese fondo de inversi\u00f3n es de \u00abhace cinco a\u00f1os\u00bb, es decir, anterior a la liquidaci\u00f3n de su hipoteca y a la indemnizaci\u00f3n por la muerte de su padre, que la declar\u00f3 en 2015. Garc\u00eda Molina no pudo aportar ning\u00fan documento que rebatiera la informaci\u00f3n adelantada por ABC No obstante, Garc\u00eda Molina tendr\u00e1 hoy una nueva oportunidad de explicar en la Comisi\u00f3n de Asuntos Generales de las Cortes de Castilla-La Mancha por qu\u00e9 en el ep\u00edgrafe de fondos de inversi\u00f3n, seguros de vida, rentas temporales y vitalicias y planes de pensiones aparecen en 2017 esos 60.000 euros, y en cambio los omiti\u00f3 en los dos a\u00f1os anteriores. El actual vicepresidente segundo auton\u00f3mico insiste en que declar\u00f3 es acantidad, pero en las declaraciones de bienes de 2015 y 2016 publicadas en el DOCM -consultadas por ABC- no aparece. Rueda de prensa En una rueda de prensa en el Palacio de Fuensalida de Toledo, sede del Gobierno regional, Garc\u00eda Molina intent\u00f3 explicar los motivos de ese incremento patrimonial. Por un lado aleg\u00f3 que en julio de 2015 termin\u00f3 de pagar la hipoteca de su piso de 70 metros cuadrados en Talavera de la Reina, \u00abuna forma de ahorro y un alivio para cualquier econ\u00f3mica dom\u00e9stica\u00bb.En la declaraci\u00f3n de 2015 no hay referencia alguna a esa hipoteca. Garc\u00eda Molina manifest\u00f3 que \u00abcomo no tenemos nada que ocultar y siempre hacemos gala de transparencia y de dar informaci\u00f3n detallada sobre todo lo que hacemos, di las explicaciones sobre estas dos cuestiones, as\u00ed como todo lo que hace referencia al dep\u00f3sito a plazo fijo de 60.000 euros que tengo desde hace cinco a\u00f1os, algo que ya he declarado antes\u00bb. A pesar de todo, ello Jos\u00e9 Garc\u00eda Molina neg\u00f3 que vaya a tomar ning\u00fan tipo de acci\u00f3n judicial contra contra el diario ABC, medio que ayer adelant\u00f3 la informaci\u00f3n de la ocultaci\u00f3n de esos 60.000 euros de un fondo de inversi\u00f3n en su declaraci\u00f3n de bienes. A su juicio, se trata de \u00abuna noticia falsa que solo responde a la intenci\u00f3n de una agresi\u00f3n pol\u00edtica\u00bb. Las falsedades de Garc\u00eda Molina \u00abTengo el dep\u00f3sito a plazo fijo de 60.000 euros desde hace cinco a\u00f1os, algo que ya he declarado antes\u00bb Falso. Garc\u00eda Molina debut\u00f3 en pol\u00edtica en 2015, cuando ya ten\u00eda el fondo de inversi\u00f3n, pero no lo declar\u00f3 ni ese a\u00f1o ni en la declaraci\u00f3n de bienes de 2016. \u00abEl incremento en mi patrimonio se debe a que en 2015 pagu\u00e9 la hipoteca y cobr\u00e9 una indemnizaci\u00f3n por la muerte de mi padre\u00bb Falso. En 2015 declar\u00f3 tener en el banco 39.879 euros; 73,150 en 2016; y 145.979 en 2017. El gran incremento responde a la sorpresiva aparici\u00f3n de los 60.000 euros que ocult\u00f3. \u00abEl diario ABC ha publicado una noticia falsa que solo responde a la intenci\u00f3n de una agresi\u00f3n pol\u00edtica\u00bb Falso. La informaci\u00f3n se basa en las declaraciones oficiales presentadas por Garc\u00eda Molina y publicadas en el Diario Oficial. Preguntado por ABC antes de la publicaci\u00f3n, no pudo justificar por qu\u00e9 no declar\u00f3 el fondo de inversi\u00f3n.<br \/>\nVia: <a href=\"http:\/\/www.abc.es\/espana\/abci-molina-miente-decir-declaro-fondo-60000-euros-201709270313_noticia.html\" target=\"_blank\">Molina miente al decir que \u00abdeclar\u00f3\u00bb su fondo de 60.000 euros<\/a><\/p>\n","protected":false},"excerpt":{"rendered":"<p>El vicepresidente segundo del Gobierno de Castilla-La Mancha y secretario regional de Podemos, Jos\u00e9 Garc\u00eda Molina, intent\u00f3 justificar ayer sin \u00e9xito no haber declarado un fondo de inversi\u00f3n de 60.000 euros en los formularios patrimoniales de las Cortes. Asegur\u00f3 que el motivo de que sus fondos declarados se multiplicaran por [&hellip;]<\/p>\n","protected":false},"author":2,"featured_media":8382,"comment_status":"open","ping_status":"closed","sticky":false,"template":"","format":"standard","meta":{"footnotes":""},"categories":[6],"tags":[],"class_list":["post-8381","post","type-post","status-publish","format-standard","has-post-thumbnail","hentry","category-spanish"],"_links":{"self":[{"href":"https:\/\/theworldwidejournal.com\/index.php?rest_route=\/wp\/v2\/posts\/8381","targetHints":{"allow":["GET"]}}],"collection":[{"href":"https:\/\/theworldwidejournal.com\/index.php?rest_route=\/wp\/v2\/posts"}],"about":[{"href":"https:\/\/theworldwidejournal.com\/index.php?rest_route=\/wp\/v2\/types\/post"}],"author":[{"embeddable":true,"href":"https:\/\/theworldwidejournal.com\/index.php?rest_route=\/wp\/v2\/users\/2"}],"replies":[{"embeddable":true,"href":"https:\/\/theworldwidejournal.com\/index.php?rest_route=%2Fwp%2Fv2%2Fcomments&post=8381"}],"version-history":[{"count":0,"href":"https:\/\/theworldwidejournal.com\/index.php?rest_route=\/wp\/v2\/posts\/8381\/revisions"}],"wp:featuredmedia":[{"embeddable":true,"href":"https:\/\/theworldwidejournal.com\/index.php?rest_route=\/wp\/v2\/media\/8382"}],"wp:attachment":[{"href":"https:\/\/theworldwidejournal.com\/index.php?rest_route=%2Fwp%2Fv2%2Fmedia&parent=8381"}],"wp:term":[{"taxonomy":"category","embeddable":true,"href":"https:\/\/theworldwidejournal.com\/index.php?rest_route=%2Fwp%2Fv2%2Fcategories&post=8381"},{"taxonomy":"post_tag","embeddable":true,"href":"https:\/\/theworldwidejournal.com\/index.php?rest_route=%2Fwp%2Fv2%2Ftags&post=8381"}],"curies":[{"name":"wp","href":"https:\/\/api.w.org\/{rel}","templated":true}]}}