{"id":8386,"date":"2017-09-27T04:44:49","date_gmt":"2017-09-27T02:44:49","guid":{"rendered":"https:\/\/theworldwidejournal.com\/?p=8386"},"modified":"2017-09-27T04:44:49","modified_gmt":"2017-09-27T02:44:49","slug":"eta-pone-como-ejemplo-el-1-o-para-el-derecho-a-decidir-en-el-pais-vasco","status":"publish","type":"post","link":"https:\/\/theworldwidejournal.com\/?p=8386","title":{"rendered":"ETA pone como ejemplo el 1-O para el derecho a decidir en el Pa\u00eds Vasco"},"content":{"rendered":"<p>La banda terrorista ETA considera que el desaf\u00edo del Govern catal\u00e1n con la convocatoria unilateral de un refer\u00e9ndum para el pr\u00f3ximo d\u00eda 1 de octubre evidencia \u00ablas grietas del r\u00e9gimen del 78\u00bb y ha hecho un llamamiento a poner en marcha un proceso independentista en el Pa\u00eds Vasco encaminado a lograr \u00abejercer\u00bb el derecho a decidir en una consulta y del que la organizaci\u00f3n se desvincula en las labores de tutelaje. En un comunicado publicado en el diario \u00abGara\u00bb, recogido por Europa Press, ETA hace un repaso de la situaci\u00f3n pol\u00edtica actual con la vista puesta en el refer\u00e9ndum catal\u00e1n y el reflejo que pueda tener en las aspiraciones independentistas vascas, con cr\u00edticas al lendakari, \u00cd\u00f1igo Urkullu, por cuestionar la legalidad de la consulta catalana. En este sentido, llama a tomar nota del desaf\u00edo independentista catal\u00e1n y emprender un proceso \u00abcomo pueblo\u00bb en el Pa\u00eds Vasco, es decir, en el que \u00abel pueblo y la ciudadan\u00eda\u00bb sean los protagonistas y \u00abcon la acumulaci\u00f3n de fuerzas y la activaci\u00f3n popular como ingredientes fundamentales\u00bb. \u00abSolo desde medios civiles y democr\u00e1ticos\u00bb, precisa, y que, \u00abm\u00e1s all\u00e1 de lograr el reconocimiento del derecho a decidir\u00bb, tenga como objetivo \u00abejercerlo\u00bb. Un proceso, seg\u00fan la banda terrorista, en el que la organizaci\u00f3n armada no ejercer\u00e1 ning\u00fan papel de tutelaje al respecto. \u00abEste es el an\u00e1lisis de ETA, an\u00e1lisis que bajo ning\u00fan concepto realiza con la intenci\u00f3n de dirigir, garantizar o juzgar ese proceso como pueblo tan necesario, pues ETA es perfectamente consciente de que en el ciclo pol\u00edtico que viene nuestra organizaci\u00f3n no ser\u00e1 un agente principal\u00bb, matiza al respecto. \u00abGrietas evidentes\u00bb En el texto publicado con motivo del d\u00eda del soldado vasco, la banda terrorista subraya que en el momento actual \u00ablas grietas del r\u00e9gimen del 78 resultan evidentes\u00bb ante la crisis pol\u00edtica, institucional, social y territorial generada con el desaf\u00edo independentista catal\u00e1n. \u00abA d\u00eda de hoy, el proceso catal\u00e1n es la realidad principal que puede quebrar ese r\u00e9gimen\u00bb, sostiene. Un r\u00e9gimen, defiende ETA, que ha mostrado \u00absu verdadero rostro\u00bb al responder al refer\u00e9ndum unilateral del 1 de octubre con sus \u00abaut\u00e9nticos fundamentos: imposici\u00f3n, dependencia y opresi\u00f3n\u00bb. \u00abHan utilizado -el Gobierno de Mariano Rajoy- la fuerza armada para impedir la voluntad popular, han actuado contra representes de la ciudadan\u00eda y han desmantelado los restos de la autonom\u00eda\u00bb, seg\u00fan su lectura. En su an\u00e1lisis de la situaci\u00f3n, ETA subraya que \u00abla brecha entre Euskal Herria y Espa\u00f1a es\u00bb ahora \u00abm\u00e1s grande que nunca\u00bb y censura el \u00abhedor insoportable\u00ab que desprende, seg\u00fan dice, el Gobierno central. \u00abEl Estado espa\u00f1ol es una c\u00e1rcel para los pueblos, y as\u00ed se muestra al negar la identidad nacional de los Pa\u00edses Catalanes. El Estado espa\u00f1ol se ha convertido tambi\u00e9n en una c\u00e1rcel para la democracia, pues ha pisoteado los derechos de los catalanes. Los derechos civiles y pol\u00edticos est\u00e1n de nuevo en cuesti\u00f3n. Y para conculcarlos no han necesitado utilizar el pretexto de la lucha armada. Se ha demostrado que aquella cantinela de que &#8216;sin violencia todo es posible&#8217; era totalmente falsa\u00bb, argumenta ETA. Finalmente, la organizaci\u00f3n terrorista defiende los pasos dados por el Govern catal\u00e1n para llevar a cabo la consulta anulada por el Tribunal Constitucional. \u00abEl &#8216;proc\u00e9s&#8217; -el refer\u00e9ndum- constituye un proceso en favor de la democracia, puesto que, al no haberles permitido una v\u00eda democr\u00e1tica para aspirar a la independencia, al final, han tenido que emprender un camino independentista para acceder a la democracia\u00bb, arguye.<br \/>\nVia: <a href=\"http:\/\/www.abc.es\/espana\/pais-vasco\/abci-pone-como-ejemplo-para-ejercer-derecho-decidir-pais-vasco-201709270244_noticia.html\" target=\"_blank\">ETA pone como ejemplo el 1-O para el derecho a decidir en el Pa\u00eds Vasco<\/a><\/p>\n","protected":false},"excerpt":{"rendered":"<p>La banda terrorista ETA considera que el desaf\u00edo del Govern catal\u00e1n con la convocatoria unilateral de un refer\u00e9ndum para el pr\u00f3ximo d\u00eda 1 de octubre evidencia \u00ablas grietas del r\u00e9gimen del 78\u00bb y ha hecho un llamamiento a poner en marcha un proceso independentista en el Pa\u00eds Vasco encaminado a [&hellip;]<\/p>\n","protected":false},"author":2,"featured_media":8387,"comment_status":"open","ping_status":"closed","sticky":false,"template":"","format":"standard","meta":{"footnotes":""},"categories":[6],"tags":[],"class_list":["post-8386","post","type-post","status-publish","format-standard","has-post-thumbnail","hentry","category-spanish"],"_links":{"self":[{"href":"https:\/\/theworldwidejournal.com\/index.php?rest_route=\/wp\/v2\/posts\/8386","targetHints":{"allow":["GET"]}}],"collection":[{"href":"https:\/\/theworldwidejournal.com\/index.php?rest_route=\/wp\/v2\/posts"}],"about":[{"href":"https:\/\/theworldwidejournal.com\/index.php?rest_route=\/wp\/v2\/types\/post"}],"author":[{"embeddable":true,"href":"https:\/\/theworldwidejournal.com\/index.php?rest_route=\/wp\/v2\/users\/2"}],"replies":[{"embeddable":true,"href":"https:\/\/theworldwidejournal.com\/index.php?rest_route=%2Fwp%2Fv2%2Fcomments&post=8386"}],"version-history":[{"count":0,"href":"https:\/\/theworldwidejournal.com\/index.php?rest_route=\/wp\/v2\/posts\/8386\/revisions"}],"wp:featuredmedia":[{"embeddable":true,"href":"https:\/\/theworldwidejournal.com\/index.php?rest_route=\/wp\/v2\/media\/8387"}],"wp:attachment":[{"href":"https:\/\/theworldwidejournal.com\/index.php?rest_route=%2Fwp%2Fv2%2Fmedia&parent=8386"}],"wp:term":[{"taxonomy":"category","embeddable":true,"href":"https:\/\/theworldwidejournal.com\/index.php?rest_route=%2Fwp%2Fv2%2Fcategories&post=8386"},{"taxonomy":"post_tag","embeddable":true,"href":"https:\/\/theworldwidejournal.com\/index.php?rest_route=%2Fwp%2Fv2%2Ftags&post=8386"}],"curies":[{"name":"wp","href":"https:\/\/api.w.org\/{rel}","templated":true}]}}