{"id":8447,"date":"2017-09-27T15:27:43","date_gmt":"2017-09-27T13:27:43","guid":{"rendered":"https:\/\/theworldwidejournal.com\/2017\/09\/27\/la-audiencia-nacional-admite-la-denuncia-por-sedicion-por-los-sucesos-de-barcelona\/"},"modified":"2017-09-27T15:27:43","modified_gmt":"2017-09-27T13:27:43","slug":"la-audiencia-nacional-admite-la-denuncia-por-sedicion-por-los-sucesos-de-barcelona","status":"publish","type":"post","link":"https:\/\/theworldwidejournal.com\/?p=8447","title":{"rendered":"La Audiencia Nacional admite la denuncia por sedici\u00f3n por los sucesos de Barcelona"},"content":{"rendered":"<p>La titular del Juzgado Central de Instrucci\u00f3n 3, Carmen Lamela, ha admitido este mi\u00e9rcoles la denuncia de la Fiscal\u00eda por delito de sedici\u00f3n por los hechos ocurridos en Barcelona durante los d\u00edas 20 y 21 durante las concentraciones y manifestaciones llevadas a cabo para impedir por la fuerza los registros y detenciones de la Operaci\u00f3n Anubis contra la organizaci\u00f3n del refer\u00e9ndum del 1 de octubre. La magistrada acuerdo librar un oficio a la Guardia Civil para que elabore el atestado sobre aquellos sucesos.Seguir leyendo.<br \/>\nVia: <a href=\"https:\/\/elpais.com\/politica\/2017\/09\/27\/actualidad\/1506513414_650843.html#?ref=rss&#038;format=simple&#038;link=link\" target=\"_blank\">La Audiencia Nacional admite la denuncia por sedici\u00f3n por los sucesos de Barcelona<\/a><\/p>\n","protected":false},"excerpt":{"rendered":"<p>La titular del Juzgado Central de Instrucci\u00f3n 3, Carmen Lamela, ha admitido este mi\u00e9rcoles la denuncia de la Fiscal\u00eda por delito de sedici\u00f3n por los hechos ocurridos en Barcelona durante los d\u00edas 20 y 21 durante las concentraciones y manifestaciones llevadas a cabo para impedir por la fuerza los registros [&hellip;]<\/p>\n","protected":false},"author":2,"featured_media":0,"comment_status":"open","ping_status":"closed","sticky":false,"template":"","format":"standard","meta":{"footnotes":""},"categories":[6],"tags":[],"class_list":["post-8447","post","type-post","status-publish","format-standard","hentry","category-spanish"],"_links":{"self":[{"href":"https:\/\/theworldwidejournal.com\/index.php?rest_route=\/wp\/v2\/posts\/8447","targetHints":{"allow":["GET"]}}],"collection":[{"href":"https:\/\/theworldwidejournal.com\/index.php?rest_route=\/wp\/v2\/posts"}],"about":[{"href":"https:\/\/theworldwidejournal.com\/index.php?rest_route=\/wp\/v2\/types\/post"}],"author":[{"embeddable":true,"href":"https:\/\/theworldwidejournal.com\/index.php?rest_route=\/wp\/v2\/users\/2"}],"replies":[{"embeddable":true,"href":"https:\/\/theworldwidejournal.com\/index.php?rest_route=%2Fwp%2Fv2%2Fcomments&post=8447"}],"version-history":[{"count":0,"href":"https:\/\/theworldwidejournal.com\/index.php?rest_route=\/wp\/v2\/posts\/8447\/revisions"}],"wp:attachment":[{"href":"https:\/\/theworldwidejournal.com\/index.php?rest_route=%2Fwp%2Fv2%2Fmedia&parent=8447"}],"wp:term":[{"taxonomy":"category","embeddable":true,"href":"https:\/\/theworldwidejournal.com\/index.php?rest_route=%2Fwp%2Fv2%2Fcategories&post=8447"},{"taxonomy":"post_tag","embeddable":true,"href":"https:\/\/theworldwidejournal.com\/index.php?rest_route=%2Fwp%2Fv2%2Ftags&post=8447"}],"curies":[{"name":"wp","href":"https:\/\/api.w.org\/{rel}","templated":true}]}}