{"id":8454,"date":"2017-09-27T16:51:21","date_gmt":"2017-09-27T14:51:21","guid":{"rendered":"https:\/\/theworldwidejournal.com\/?p=8454"},"modified":"2017-09-27T16:51:21","modified_gmt":"2017-09-27T14:51:21","slug":"trump-fue-mas-alla-de-la-posicion-oficial-de-ee-uu-sobre-cataluna-segun-los-principales-diarios","status":"publish","type":"post","link":"https:\/\/theworldwidejournal.com\/?p=8454","title":{"rendered":"Trump fue m\u00e1s all\u00e1 de la posici\u00f3n oficial de EE.UU. sobre Catalu\u00f1a, seg\u00fan los principales diarios"},"content":{"rendered":"<p>Las palabras de presidente de EEUU, Donald Trump, a favor de la unidad de Espa\u00f1a suponen distanciarse de la posici\u00f3n oficial que manten\u00eda hasta ahora el Gobierno de este pa\u00eds, que pasaba por considerar el planeado refer\u00e9ndum de independencia catal\u00e1n un \u00abasunto interno\u00bb. As\u00ed lo se\u00f1alan este jueves tanto el \u00abWashington Post\u00bb como el \u00abNew York Times\u00bb, aunque este \u00faltimo se\u00f1ala que no est\u00e1 claro si sus palabras suponen un cambio en la posici\u00f3n de oficial de Estados Unidos. El \u00abPost\u00bb se remite a las palabras que dijo recientemente la portavoz del Departamento de Estado, Heather Nauert, que afirm\u00f3 que el refer\u00e9ndum era un asunto interno, aunque tambi\u00e9n admiti\u00f3 no estar muy familiarizada con la situaci\u00f3n sobre el terreno. No obstante, lo cierto es que hace dos a\u00f1os, con motivo de una visita de los Reyes de Espa\u00f1a, el anterior presidente de EEUU, Barack Obama, ya mostr\u00f3 su deseo de trabajar con una \u00abEspa\u00f1a fuerte y unida\u00bb. Trump apost\u00f3 por una Espa\u00f1a unida en su rueda de prensa conjunta con \u00e9l presidente del Gobierno espa\u00f1ol, Mariano Rajoy, que este mi\u00e9rcoles le visit\u00f3 en la Casa Blanca. Ya antes de iniciar el viaje fuentes del Palacio de la Moncloa afirmaban no tener ninguna duda de la posici\u00f3n del Gobierno de Estados Unidos, as\u00ed como de los Gobiernos europeos y otros pa\u00edses socios, en el sentido de que defienden que el secesionismo catal\u00e1n es un asunto interno de Espa\u00f1a que debe resolverse en el marco constitucional espa\u00f1ol.<br \/>\nVia: <a href=\"http:\/\/www.abc.es\/espana\/abci-trump-mas-alla-posicion-oficial-eeuu-sobre-cataluna-segun-prensa-norteamericana-201709271451_noticia.html\" target=\"_blank\">Trump fue m\u00e1s all\u00e1 de la posici\u00f3n oficial de EE.UU. sobre Catalu\u00f1a, seg\u00fan los principales diarios<\/a><\/p>\n","protected":false},"excerpt":{"rendered":"<p>Las palabras de presidente de EEUU, Donald Trump, a favor de la unidad de Espa\u00f1a suponen distanciarse de la posici\u00f3n oficial que manten\u00eda hasta ahora el Gobierno de este pa\u00eds, que pasaba por considerar el planeado refer\u00e9ndum de independencia catal\u00e1n un \u00abasunto interno\u00bb. As\u00ed lo se\u00f1alan este jueves tanto el [&hellip;]<\/p>\n","protected":false},"author":2,"featured_media":8455,"comment_status":"open","ping_status":"closed","sticky":false,"template":"","format":"standard","meta":{"footnotes":""},"categories":[6],"tags":[],"class_list":["post-8454","post","type-post","status-publish","format-standard","has-post-thumbnail","hentry","category-spanish"],"_links":{"self":[{"href":"https:\/\/theworldwidejournal.com\/index.php?rest_route=\/wp\/v2\/posts\/8454","targetHints":{"allow":["GET"]}}],"collection":[{"href":"https:\/\/theworldwidejournal.com\/index.php?rest_route=\/wp\/v2\/posts"}],"about":[{"href":"https:\/\/theworldwidejournal.com\/index.php?rest_route=\/wp\/v2\/types\/post"}],"author":[{"embeddable":true,"href":"https:\/\/theworldwidejournal.com\/index.php?rest_route=\/wp\/v2\/users\/2"}],"replies":[{"embeddable":true,"href":"https:\/\/theworldwidejournal.com\/index.php?rest_route=%2Fwp%2Fv2%2Fcomments&post=8454"}],"version-history":[{"count":0,"href":"https:\/\/theworldwidejournal.com\/index.php?rest_route=\/wp\/v2\/posts\/8454\/revisions"}],"wp:featuredmedia":[{"embeddable":true,"href":"https:\/\/theworldwidejournal.com\/index.php?rest_route=\/wp\/v2\/media\/8455"}],"wp:attachment":[{"href":"https:\/\/theworldwidejournal.com\/index.php?rest_route=%2Fwp%2Fv2%2Fmedia&parent=8454"}],"wp:term":[{"taxonomy":"category","embeddable":true,"href":"https:\/\/theworldwidejournal.com\/index.php?rest_route=%2Fwp%2Fv2%2Fcategories&post=8454"},{"taxonomy":"post_tag","embeddable":true,"href":"https:\/\/theworldwidejournal.com\/index.php?rest_route=%2Fwp%2Fv2%2Ftags&post=8454"}],"curies":[{"name":"wp","href":"https:\/\/api.w.org\/{rel}","templated":true}]}}