{"id":8456,"date":"2017-09-27T16:39:36","date_gmt":"2017-09-27T14:39:36","guid":{"rendered":"https:\/\/theworldwidejournal.com\/?p=8456"},"modified":"2017-09-27T16:39:36","modified_gmt":"2017-09-27T14:39:36","slug":"el-numero-dos-de-page-admite-una-omision-sobre-su-fondo","status":"publish","type":"post","link":"https:\/\/theworldwidejournal.com\/?p=8456","title":{"rendered":"El n\u00famero dos de Page admite una \u00abomisi\u00f3n\u00bb sobre su fondo"},"content":{"rendered":"<p>El vicepresidente segundo del Gobierno de Castilla-La Mancha y secretario regional de Podemos, Jos\u00e9 Garc\u00eda Molina, ha admitido este mi\u00e9rcoles que \u00abhay una omisi\u00f3n\u00bb en su declaraci\u00f3n de bienes en relaci\u00f3n al fondo de 60.000 euros, una informaci\u00f3n desvelada por ABC, pero ha negado que haya habido \u00abocultaci\u00f3n\u00bb, ya que s\u00ed ha declarado los intereses que se han devengado por ese dinero. \u00abQuien tiene voluntad de ocultar no pone eso\u00bb, ha incidido el responsable de la formaci\u00f3n morada durante su comparecencia en la Comisi\u00f3n de Asuntos Generales de las Cortes, donde ha remarcado que si hubiera entendido que lo relativo a esa cantidad \u00abera un error u omisi\u00f3n, lo hubiera subsanado\u00bb. Tras destacar que \u00abnadie le ha dado la mayor importancia\u00bb a ese tema durante los dos a\u00f1os que ha hecho las declaraciones de bienes en las Cortes, porque pregunt\u00f3 y nadie le dio una explicaci\u00f3n sobre si deb\u00eda incluirla \u2014s\u00ed incluy\u00f3 los intereses\u2014 siendo este a\u00f1o, al rellenar la aplicaci\u00f3n inform\u00e1tica del Gobierno auton\u00f3mico, cuando le dijeron d\u00f3nde se \u00abcolocaba\u00bb todo. \u00abHay una omisi\u00f3n, le doy la raz\u00f3n\u00bb, ha contestado al portavoz del PP en la Comisi\u00f3n, Lorenzo Robisco el vicepresidente segundo del Gobierno, que ha se\u00f1alado que no tiene \u00abnada, absolutamente nada, que ocultar\u00bb y que sus cuentas \u00abson clar\u00edsimas\u00ab, indicando que no le importar\u00eda, pese a considerarlo \u00abun poco obsceno\u00bb, que los \u00abpopulares\u00bb consultaran sus movimientos bancarios.<br \/>\nVia: <a href=\"http:\/\/www.abc.es\/espana\/abci-numero-page-admite-omision-sobre-fondo-60000-euros-201709271439_noticia.html\" target=\"_blank\">El n\u00famero dos de Page admite una \u00abomisi\u00f3n\u00bb sobre su fondo<\/a><\/p>\n","protected":false},"excerpt":{"rendered":"<p>El vicepresidente segundo del Gobierno de Castilla-La Mancha y secretario regional de Podemos, Jos\u00e9 Garc\u00eda Molina, ha admitido este mi\u00e9rcoles que \u00abhay una omisi\u00f3n\u00bb en su declaraci\u00f3n de bienes en relaci\u00f3n al fondo de 60.000 euros, una informaci\u00f3n desvelada por ABC, pero ha negado que haya habido \u00abocultaci\u00f3n\u00bb, ya que [&hellip;]<\/p>\n","protected":false},"author":2,"featured_media":8457,"comment_status":"open","ping_status":"closed","sticky":false,"template":"","format":"standard","meta":{"footnotes":""},"categories":[6],"tags":[],"class_list":["post-8456","post","type-post","status-publish","format-standard","has-post-thumbnail","hentry","category-spanish"],"_links":{"self":[{"href":"https:\/\/theworldwidejournal.com\/index.php?rest_route=\/wp\/v2\/posts\/8456","targetHints":{"allow":["GET"]}}],"collection":[{"href":"https:\/\/theworldwidejournal.com\/index.php?rest_route=\/wp\/v2\/posts"}],"about":[{"href":"https:\/\/theworldwidejournal.com\/index.php?rest_route=\/wp\/v2\/types\/post"}],"author":[{"embeddable":true,"href":"https:\/\/theworldwidejournal.com\/index.php?rest_route=\/wp\/v2\/users\/2"}],"replies":[{"embeddable":true,"href":"https:\/\/theworldwidejournal.com\/index.php?rest_route=%2Fwp%2Fv2%2Fcomments&post=8456"}],"version-history":[{"count":0,"href":"https:\/\/theworldwidejournal.com\/index.php?rest_route=\/wp\/v2\/posts\/8456\/revisions"}],"wp:featuredmedia":[{"embeddable":true,"href":"https:\/\/theworldwidejournal.com\/index.php?rest_route=\/wp\/v2\/media\/8457"}],"wp:attachment":[{"href":"https:\/\/theworldwidejournal.com\/index.php?rest_route=%2Fwp%2Fv2%2Fmedia&parent=8456"}],"wp:term":[{"taxonomy":"category","embeddable":true,"href":"https:\/\/theworldwidejournal.com\/index.php?rest_route=%2Fwp%2Fv2%2Fcategories&post=8456"},{"taxonomy":"post_tag","embeddable":true,"href":"https:\/\/theworldwidejournal.com\/index.php?rest_route=%2Fwp%2Fv2%2Ftags&post=8456"}],"curies":[{"name":"wp","href":"https:\/\/api.w.org\/{rel}","templated":true}]}}