{"id":8458,"date":"2017-09-27T16:36:27","date_gmt":"2017-09-27T14:36:27","guid":{"rendered":"https:\/\/theworldwidejournal.com\/?p=8458"},"modified":"2017-09-27T16:36:27","modified_gmt":"2017-09-27T14:36:27","slug":"la-fiscalia-multiplica-por-diez-la-indemnizacion-exigida-a-jaume-matas","status":"publish","type":"post","link":"https:\/\/theworldwidejournal.com\/?p=8458","title":{"rendered":"La Fiscal\u00eda multiplica por diez la indemnizaci\u00f3n exigida a Jaume Matas"},"content":{"rendered":"<p>La Fiscal\u00eda Anticorrupci\u00f3n ha multiplicado por diez la indemnizaci\u00f3n que exige ahora al expresidente balear Jaume Matas por la presunta contrataci\u00f3n irregular, a principios de 2007, del arquitecto Santiago Calatrava para que elaborase un anteproyecto para la construcci\u00f3n de un futuro palacio de la \u00f3pera en Palma. La solicitud del Ministerio P\u00fablico al juez se ha producido este mi\u00e9rcoles, en la segunda jornada del nuevo juicio contra Matas. En esta ocasi\u00f3n, el exmandatario mallorqu\u00edn se ha sentado en el banquillo por la pieza separada n\u00famero 3 del caso Palma Arena, conocida como el caso \u00d3pera. En la presentaci\u00f3n de las conclusiones finales, Anticorrupci\u00f3n ha pedido que el expresidente abone 1,2 millones de euros en concepto de responsabilidad civil, en lugar de los 120.000 euros que solicitaba antes del comienzo de la vista oral. La Abogac\u00eda de la Comunidad se ha adherido a dicha petici\u00f3n. La Fiscal\u00eda no ha modificado, en cambio, su solicitud inicial de un a\u00f1o y tres meses de c\u00e1rcel para el expol\u00edtico popular, por un presunto delito de tr\u00e1fico de influencias, as\u00ed como su petici\u00f3n de diez a\u00f1os de inhabilitaci\u00f3n, por un supuesto delito de prevaricaci\u00f3n. Por su parte, el abogado de Matas, Jos\u00e9 Zaforteza, ha pedido la libre absoluci\u00f3n de su cliente y que se aprecie la atenuante de dilaci\u00f3n indebida. Cabe recordar que en el tramo final de su segunda legislatura como presidente, Matas anunci\u00f3 en abril de 2007 que si volv\u00eda a resultar elegido en las elecciones auton\u00f3micas de mayo de aquel a\u00f1o, impulsar\u00eda la construcci\u00f3n de un palacio de la \u00f3pera en la bah\u00eda de la capital balear. Matas ten\u00eda previsto mostrar p\u00fablicamente el citado anteproyecto en aquellas fechas, pero la presentaci\u00f3n fue suspendida por la Junta Electoral. En los citados comicios auton\u00f3micos, el PP perdi\u00f3 la mayor\u00eda absoluta con que contaba. Matas fue relevado entonces al frente del Govern por el socialista Francesc Antich, quien descart\u00f3 de inmediato ejecutar el mencionado proyecto. Contrataci\u00f3n A lo largo del juicio celebrado esta semana, Matas ha reconocido ante el tribunal que fue \u00e9l quien decidi\u00f3 contratar a Calatrava, si bien se ha desligado del proceso de tramitaci\u00f3n administrativa de esta iniciativa finalmente frustrada. Matas se\u00f1al\u00f3 ayer que Calatrava era, por su doble condici\u00f3n de arquitecto e ingeniero, la \u00fanica persona capacitada para poder realizar una infraestructura de esas caracter\u00edsticas y para remodelar adem\u00e1s la zona de la bah\u00eda de Palma. En ese contexto, el expresidente se mostr\u00f3 convencido de que la capital balear contar\u00e1 alg\u00fan d\u00eda con el palacio de la \u00f3pera dise\u00f1ado por Calatrava. Seg\u00fan la Fiscal\u00eda, Matas habr\u00eda ordenado personalmente la contrataci\u00f3n de Calatrava y tambi\u00e9n habr\u00eda fijado el montante econ\u00f3mico que deb\u00eda percibir el arquitecto. Calatrava fue contratado por Matas de forma directa, sin la convocatoria de un concurso p\u00fablico ni tampoco de un procedimiento negociado. El Govern tuvo que pagar en su momento 1,2 millones de euros por el citado anteproyecto y por dos maquetas, a pesar de que el proyecto en s\u00ed de un palacio de la \u00f3pera no lleg\u00f3 a ejecutarse nunca. Por su parte, el arquitecto valenciano, que ha declarado este mi\u00e9rcoles en calidad de testigo, ha defendido ante el tribunal la vigencia de su propuesta y ha se\u00f1alado que estar\u00eda encantado de poderla presentar ahora p\u00fablicamente. Asimismo, ha reconocido que empez\u00f3 a trabajar en el citado anteproyecto sin un contrato formal, tras una primera reuni\u00f3n con Matas en Roma, a la que siguieron dos encuentros m\u00e1s en Palma. El contrato fue firmado finalmente en abril de 2007. Irregularidades En la vistilla previa al juicio, celebrada en abril de este a\u00f1o, Matas mostr\u00f3 su disposici\u00f3n a reconocer que se habr\u00edan cometido irregularidades en la contrataci\u00f3n de Calatrava, si bien tambi\u00e9n anunci\u00f3 que no iba a aceptar la pena solicitada por la Fiscal\u00eda, en especial en lo relativo al importe a abonar como responsabilidad civil. La falta de acuerdo con Anticorrupci\u00f3n en abril supuso que finalmente haya tenido que celebrarse ahora el juicio. Cabe recordar que hasta el momento Matas ha sido condenado en firme en dos de las piezas del caso Palma Arena ya juzgadas y resueltas. En un caso, debi\u00f3 cumplir una condena de nueve meses y un d\u00eda de c\u00e1rcel por tr\u00e1fico de influencias, en concreto por favorecer a un amigo periodista con una subvenci\u00f3n. En el otro caso, debi\u00f3 abonar 9.000 euros de multa por cohecho, al considerar el jurado que hab\u00eda presionado a un hotelero para que contratase a su esposa, Maite Areal. M\u00e1s recientemente, en febrero de este a\u00f1o, el tribunal del caso N\u00f3os conden\u00f3 al expresidente balear a tres a\u00f1os y ocho meses de c\u00e1rcel por un delito de prevaricaci\u00f3n \u2014en concurso con falsedad y malversaci\u00f3n\u2014 y otro de fraude. Dicha pena se encuentra recurrida en la actualidad ante el Tribunal Supremo. Finalmente, la pasada semana Matas fue juzgado en el marco de las piezas 8 y 9 del caso Palma Arena, que fueron juzgadas como una sola. En este caso, Anticorrupci\u00f3n pide finalmente tres a\u00f1os de c\u00e1rcel para el exmandatario isle\u00f1o por la presunta contrataci\u00f3n irregular de los tres arquitectos que construyeron el vel\u00f3dromo, Ralph Clemens Alexander Sch\u00fcrmann y los hermanos Garc\u00eda Ruiz. El Ministerio P\u00fablico atribuye a Matas los delitos de fraude a la Administraci\u00f3n y prevaricaci\u00f3n en concurso con falsedad, mientras que su abogado solicit\u00f3 en el juicio la nulidad de las actuaciones llevadas a cabo. Esta petici\u00f3n fue desestimada por el tribunal.<br \/>\nVia: <a href=\"http:\/\/www.abc.es\/espana\/abci-fiscalia-multiplica-diez-indemnizacion-exigida-matas-haber-contratado-calatrava-201709271436_noticia.html\" target=\"_blank\">La Fiscal\u00eda multiplica por diez la indemnizaci\u00f3n exigida a Jaume Matas<\/a><\/p>\n","protected":false},"excerpt":{"rendered":"<p>La Fiscal\u00eda Anticorrupci\u00f3n ha multiplicado por diez la indemnizaci\u00f3n que exige ahora al expresidente balear Jaume Matas por la presunta contrataci\u00f3n irregular, a principios de 2007, del arquitecto Santiago Calatrava para que elaborase un anteproyecto para la construcci\u00f3n de un futuro palacio de la \u00f3pera en Palma. La solicitud del [&hellip;]<\/p>\n","protected":false},"author":2,"featured_media":8459,"comment_status":"open","ping_status":"closed","sticky":false,"template":"","format":"standard","meta":{"footnotes":""},"categories":[6],"tags":[],"class_list":["post-8458","post","type-post","status-publish","format-standard","has-post-thumbnail","hentry","category-spanish"],"_links":{"self":[{"href":"https:\/\/theworldwidejournal.com\/index.php?rest_route=\/wp\/v2\/posts\/8458","targetHints":{"allow":["GET"]}}],"collection":[{"href":"https:\/\/theworldwidejournal.com\/index.php?rest_route=\/wp\/v2\/posts"}],"about":[{"href":"https:\/\/theworldwidejournal.com\/index.php?rest_route=\/wp\/v2\/types\/post"}],"author":[{"embeddable":true,"href":"https:\/\/theworldwidejournal.com\/index.php?rest_route=\/wp\/v2\/users\/2"}],"replies":[{"embeddable":true,"href":"https:\/\/theworldwidejournal.com\/index.php?rest_route=%2Fwp%2Fv2%2Fcomments&post=8458"}],"version-history":[{"count":0,"href":"https:\/\/theworldwidejournal.com\/index.php?rest_route=\/wp\/v2\/posts\/8458\/revisions"}],"wp:featuredmedia":[{"embeddable":true,"href":"https:\/\/theworldwidejournal.com\/index.php?rest_route=\/wp\/v2\/media\/8459"}],"wp:attachment":[{"href":"https:\/\/theworldwidejournal.com\/index.php?rest_route=%2Fwp%2Fv2%2Fmedia&parent=8458"}],"wp:term":[{"taxonomy":"category","embeddable":true,"href":"https:\/\/theworldwidejournal.com\/index.php?rest_route=%2Fwp%2Fv2%2Fcategories&post=8458"},{"taxonomy":"post_tag","embeddable":true,"href":"https:\/\/theworldwidejournal.com\/index.php?rest_route=%2Fwp%2Fv2%2Ftags&post=8458"}],"curies":[{"name":"wp","href":"https:\/\/api.w.org\/{rel}","templated":true}]}}