{"id":8526,"date":"2017-09-28T04:12:19","date_gmt":"2017-09-28T02:12:19","guid":{"rendered":"https:\/\/theworldwidejournal.com\/?p=8526"},"modified":"2017-09-28T04:12:19","modified_gmt":"2017-09-28T02:12:19","slug":"los-radicales-agitan-el-1-o-con-un-nuevo-rodea-el-congreso","status":"publish","type":"post","link":"https:\/\/theworldwidejournal.com\/?p=8526","title":{"rendered":"Los radicales agitan el 1-O con un nuevo \u00abRodea el Congreso\u00bb"},"content":{"rendered":"<p>La Coordinadora 25-S, el grupo proabertzale y m\u00e1s radical que agita las calles de Madrid, est\u00e1 calentando motores de cara al pr\u00f3ximo domingo y convoca a trav\u00e9s de las redes sociales una protesta del tipo \u00abRodea el Congreso\u00bb con motivo del refer\u00e9ndum ilegal del 1-O. Se trata de una movilizaci\u00f3n no comunicada a la Delegaci\u00f3n del Gobierno y, por tanto, no ajustada a derecho. Adem\u00e1s, la Ley de Seguridad Ciudadana impide cualquier tipo de concentraci\u00f3n o manifestaci\u00f3n en torno a edificios como el de la C\u00e1mara Baja. Como ha venido explicando este peri\u00f3dico, la Coordinadora 25-S est\u00e1 detr\u00e1s de todos los eventos que se est\u00e1n promoviendo estas semanas en Madrid \u00abpor el derecho a decidir\u00bb. Su l\u00edder es Elena Mart\u00ednez, asesora desde 2012 primero de Amaiur y ahora de Bildu en elCongreso de los Diputados. En esa \u00f3rbita encontramos a las Marchas de la Dignidad, que han comunicado por el conducto preceptivo la celebraci\u00f3n de una protesta en la Puerta del Sol, tambi\u00e9n el d\u00eda 1, \u00abPor el derecho a decidir y contra la represi\u00f3n\u00bb, a partir de las siete la tarde y hasta las dos de la madrugada, en principio. A favor del refer\u00e9ndum ilegal, el s\u00e1bado, 30 de octubre, habr\u00e1 una concentraci\u00f3n a la altura de la calle del Sombrerete, 13, en Lavapi\u00e9s, comunicada por un particular. Ser\u00e1 entre las 11 y las 15 horas, bajo el lema \u00abEn defensa del derecho a decidir, la democracia y las libertades\u00bb. En contra Sin embargo, son m\u00e1s las convocatorias contrarias a la consulta ilegal. La primera de ellas se celebrar\u00e1 ma\u00f1ana y est\u00e1 promovida por la organizaci\u00f3n conservadora Hazte O\u00edr. Han pedido permiso para reunirse entre las 12 y las 14 horas \u00abcontra el refer\u00e9ndum secesionista en Catalu\u00f1a\u00bb. La cita es en la Puerta del Sol. El s\u00e1bado, 30 de septiembre, el partido Unidos, Libres, Iguales y Solidarios (ULIS) quedar\u00e1n en la sede de la Generalitat de Catalu\u00f1a en Madrid, Blanquerna. Ser\u00e1 a partir de la una de la tarde con el eslogan \u00abReivindicar que los ciudadanos catalanes son Espa\u00f1a\u00bb. La previsi\u00f3n inicial es que acudan unas 50 personas, seg\u00fan la convocatoria realizada a la Delegaci\u00f3n del Gobierno. El 1 de octubre, fecha de la consulta ilegal, la Plaza Mayor acoger\u00e1 el acto \u00abContra la declaraci\u00f3n unilateral de independencia de Catalu\u00f1a\u00bb. Lo ha convocado un particular, entre las 11 y las 14 horas. Finalmente, ese mismo domingo, la plaza de Col\u00f3n ser\u00e1 escenario de la protesta \u00abPor Catalu\u00f1a y la unidad de Espa\u00f1a\u00bb. La propuesta tambi\u00e9n la ha realizado un ciudadano particular.<br \/>\nVia: <a href=\"http:\/\/www.abc.es\/espana\/madrid\/abci-referendum-cataluna-radicales-agitan-nuevo-rodea-congreso-201709280212_noticia.html\" target=\"_blank\">Los radicales agitan el 1-O con un nuevo \u00abRodea el Congreso\u00bb<\/a><\/p>\n","protected":false},"excerpt":{"rendered":"<p>La Coordinadora 25-S, el grupo proabertzale y m\u00e1s radical que agita las calles de Madrid, est\u00e1 calentando motores de cara al pr\u00f3ximo domingo y convoca a trav\u00e9s de las redes sociales una protesta del tipo \u00abRodea el Congreso\u00bb con motivo del refer\u00e9ndum ilegal del 1-O. Se trata de una movilizaci\u00f3n [&hellip;]<\/p>\n","protected":false},"author":2,"featured_media":8527,"comment_status":"open","ping_status":"closed","sticky":false,"template":"","format":"standard","meta":{"footnotes":""},"categories":[6],"tags":[],"class_list":["post-8526","post","type-post","status-publish","format-standard","has-post-thumbnail","hentry","category-spanish"],"_links":{"self":[{"href":"https:\/\/theworldwidejournal.com\/index.php?rest_route=\/wp\/v2\/posts\/8526","targetHints":{"allow":["GET"]}}],"collection":[{"href":"https:\/\/theworldwidejournal.com\/index.php?rest_route=\/wp\/v2\/posts"}],"about":[{"href":"https:\/\/theworldwidejournal.com\/index.php?rest_route=\/wp\/v2\/types\/post"}],"author":[{"embeddable":true,"href":"https:\/\/theworldwidejournal.com\/index.php?rest_route=\/wp\/v2\/users\/2"}],"replies":[{"embeddable":true,"href":"https:\/\/theworldwidejournal.com\/index.php?rest_route=%2Fwp%2Fv2%2Fcomments&post=8526"}],"version-history":[{"count":0,"href":"https:\/\/theworldwidejournal.com\/index.php?rest_route=\/wp\/v2\/posts\/8526\/revisions"}],"wp:featuredmedia":[{"embeddable":true,"href":"https:\/\/theworldwidejournal.com\/index.php?rest_route=\/wp\/v2\/media\/8527"}],"wp:attachment":[{"href":"https:\/\/theworldwidejournal.com\/index.php?rest_route=%2Fwp%2Fv2%2Fmedia&parent=8526"}],"wp:term":[{"taxonomy":"category","embeddable":true,"href":"https:\/\/theworldwidejournal.com\/index.php?rest_route=%2Fwp%2Fv2%2Fcategories&post=8526"},{"taxonomy":"post_tag","embeddable":true,"href":"https:\/\/theworldwidejournal.com\/index.php?rest_route=%2Fwp%2Fv2%2Ftags&post=8526"}],"curies":[{"name":"wp","href":"https:\/\/api.w.org\/{rel}","templated":true}]}}