{"id":8588,"date":"2017-09-28T15:57:34","date_gmt":"2017-09-28T13:57:34","guid":{"rendered":"https:\/\/theworldwidejournal.com\/2017\/09\/28\/los-mossos-no-cerraran-colegios-si-hay-riesgo-de-desordenes-publicos\/"},"modified":"2017-09-28T15:57:34","modified_gmt":"2017-09-28T13:57:34","slug":"los-mossos-no-cerraran-colegios-si-hay-riesgo-de-desordenes-publicos","status":"publish","type":"post","link":"https:\/\/theworldwidejournal.com\/?p=8588","title":{"rendered":"Los Mossos no cerrar\u00e1n colegios si hay riesgo de des\u00f3rdenes p\u00fablicos"},"content":{"rendered":"<p>Los Mossos d&#8217;Esquadra no cerrar\u00e1n los centros de votaci\u00f3n si hay riesgo de des\u00f3rdenes p\u00fablicos. &#8220;No negamos ni obviamos lo que ha dicho una magistrada, pero queremos dejar claro que lo importante es la salvaguarda de la convivencia ciudadana&#8221;, ha asegurado Joaquim Forn, consejero de Interior, en rueda de prensa despu\u00e9s de la Junta de Seguridad. Forn no ha aclarado qu\u00e9 condiciones concretas impedir\u00edan ese cierre, pero ha insistido en que los agentes actuar\u00e1n aplicando los criterios b\u00e1sicos de proporcionalidad, congruencia y oportunidad. &#8220;No se pueden generar problemas m\u00e1s grandes que lo que se quiere evitar&#8221;, ha dicho. &#8220;En el momento que se tenga que resolver, lo abordaremos&#8221;, ha a\u00f1adido, sobre las previsibles acampadas y celebraciones delante de los centros para evitar su cierre.Seguir leyendo.<br \/>\nVia: <a href=\"https:\/\/elpais.com\/ccaa\/2017\/09\/28\/catalunya\/1506599162_133827.html#?ref=rss&#038;format=simple&#038;link=link\" target=\"_blank\">Los Mossos no cerrar\u00e1n colegios si hay riesgo de des\u00f3rdenes p\u00fablicos<\/a><\/p>\n","protected":false},"excerpt":{"rendered":"<p>Los Mossos d&#8217;Esquadra no cerrar\u00e1n los centros de votaci\u00f3n si hay riesgo de des\u00f3rdenes p\u00fablicos. &#8220;No negamos ni obviamos lo que ha dicho una magistrada, pero queremos dejar claro que lo importante es la salvaguarda de la convivencia ciudadana&#8221;, ha asegurado Joaquim Forn, consejero de Interior, en rueda de prensa [&hellip;]<\/p>\n","protected":false},"author":2,"featured_media":0,"comment_status":"open","ping_status":"closed","sticky":false,"template":"","format":"standard","meta":{"footnotes":""},"categories":[6],"tags":[],"class_list":["post-8588","post","type-post","status-publish","format-standard","hentry","category-spanish"],"_links":{"self":[{"href":"https:\/\/theworldwidejournal.com\/index.php?rest_route=\/wp\/v2\/posts\/8588","targetHints":{"allow":["GET"]}}],"collection":[{"href":"https:\/\/theworldwidejournal.com\/index.php?rest_route=\/wp\/v2\/posts"}],"about":[{"href":"https:\/\/theworldwidejournal.com\/index.php?rest_route=\/wp\/v2\/types\/post"}],"author":[{"embeddable":true,"href":"https:\/\/theworldwidejournal.com\/index.php?rest_route=\/wp\/v2\/users\/2"}],"replies":[{"embeddable":true,"href":"https:\/\/theworldwidejournal.com\/index.php?rest_route=%2Fwp%2Fv2%2Fcomments&post=8588"}],"version-history":[{"count":0,"href":"https:\/\/theworldwidejournal.com\/index.php?rest_route=\/wp\/v2\/posts\/8588\/revisions"}],"wp:attachment":[{"href":"https:\/\/theworldwidejournal.com\/index.php?rest_route=%2Fwp%2Fv2%2Fmedia&parent=8588"}],"wp:term":[{"taxonomy":"category","embeddable":true,"href":"https:\/\/theworldwidejournal.com\/index.php?rest_route=%2Fwp%2Fv2%2Fcategories&post=8588"},{"taxonomy":"post_tag","embeddable":true,"href":"https:\/\/theworldwidejournal.com\/index.php?rest_route=%2Fwp%2Fv2%2Ftags&post=8588"}],"curies":[{"name":"wp","href":"https:\/\/api.w.org\/{rel}","templated":true}]}}