{"id":8590,"date":"2017-09-28T15:12:56","date_gmt":"2017-09-28T13:12:56","guid":{"rendered":"https:\/\/theworldwidejournal.com\/2017\/09\/28\/vivir-acusado-de-ser-tibio-plasta-y-equidistante\/"},"modified":"2017-09-28T15:12:56","modified_gmt":"2017-09-28T13:12:56","slug":"vivir-acusado-de-ser-tibio-plasta-y-equidistante","status":"publish","type":"post","link":"https:\/\/theworldwidejournal.com\/?p=8590","title":{"rendered":"Vivir acusado de ser tibio, plasta y equidistante"},"content":{"rendered":"<p>Susanna Griso, Carles Francino, Angels Barcel\u00f3, Enric Juliana, Jordi \u00c9vole, Andreu Buenafuente, Gemma Nierga, Jorge Javier V\u00e1zquez, Xavier Sard\u00e0, Mar\u00eda Casado, Julia Otero, Jordi Gonz\u00e1lez&#8230; Podr\u00eda hacerse un equipo de f\u00fatbol con los periodistas y l\u00edderes de opini\u00f3n catalanes que \u201coperan\u201d en Madrid. Y que, sin pretenderlo, desempe\u00f1an un papel de mediaci\u00f3n entre la sociedad catalana y la del resto de Espa\u00f1a. Se les observa con recelo desde uno y otro lado -espa\u00f1olistas en Barcelona, independentistas en Madrid-, pero tambi\u00e9n se les reconoce un espacio de autoridad, precisamente porque sus mensajes penetran en los dos campos. \u201cYa s\u00e9 que me llaman tibio, equidistante y plasta\u201d, explica Carles Francino en los estudios madrile\u00f1os de la Cadena Ser. \u201cPero no me aflijo. Reclamo di\u00e1logo, di\u00e1logo y di\u00e1logo, porque el gran problema de esta crisis es precisamente la incomunicaci\u00f3n. El papel de puente no es buscado, sino sobrevenido, pero hay que ejercerlo porque no es el momento de callarse ni de estarse quieto. Eso no quiere decir que haya que ser incendiario, al contrario\u201d. La moderaci\u00f3n forma parte de los recursos amortiguadores que considera urgentes Enric Juliana. Es el delegado de La Vanguardia desde 2004, asume la presi\u00f3n intoxicadora de las redes sociales y alude a la sobreexposici\u00f3n propagand\u00edstica de las fuerzas pol\u00edticas en litigio, pero tambi\u00e9n cree que los profesionales de la comunicaci\u00f3n est\u00e1n obligados a la mesura.Seguir leyendo.<br \/>\nVia: <a href=\"https:\/\/elpais.com\/politica\/2017\/09\/27\/actualidad\/1506540780_176203.html#?ref=rss&#038;format=simple&#038;link=link\" target=\"_blank\">Vivir acusado de ser tibio, plasta y equidistante<\/a><\/p>\n","protected":false},"excerpt":{"rendered":"<p>Susanna Griso, Carles Francino, Angels Barcel\u00f3, Enric Juliana, Jordi \u00c9vole, Andreu Buenafuente, Gemma Nierga, Jorge Javier V\u00e1zquez, Xavier Sard\u00e0, Mar\u00eda Casado, Julia Otero, Jordi Gonz\u00e1lez&#8230; Podr\u00eda hacerse un equipo de f\u00fatbol con los periodistas y l\u00edderes de opini\u00f3n catalanes que \u201coperan\u201d en Madrid. Y que, sin pretenderlo, desempe\u00f1an un papel [&hellip;]<\/p>\n","protected":false},"author":2,"featured_media":0,"comment_status":"open","ping_status":"closed","sticky":false,"template":"","format":"standard","meta":{"footnotes":""},"categories":[6],"tags":[],"class_list":["post-8590","post","type-post","status-publish","format-standard","hentry","category-spanish"],"_links":{"self":[{"href":"https:\/\/theworldwidejournal.com\/index.php?rest_route=\/wp\/v2\/posts\/8590","targetHints":{"allow":["GET"]}}],"collection":[{"href":"https:\/\/theworldwidejournal.com\/index.php?rest_route=\/wp\/v2\/posts"}],"about":[{"href":"https:\/\/theworldwidejournal.com\/index.php?rest_route=\/wp\/v2\/types\/post"}],"author":[{"embeddable":true,"href":"https:\/\/theworldwidejournal.com\/index.php?rest_route=\/wp\/v2\/users\/2"}],"replies":[{"embeddable":true,"href":"https:\/\/theworldwidejournal.com\/index.php?rest_route=%2Fwp%2Fv2%2Fcomments&post=8590"}],"version-history":[{"count":0,"href":"https:\/\/theworldwidejournal.com\/index.php?rest_route=\/wp\/v2\/posts\/8590\/revisions"}],"wp:attachment":[{"href":"https:\/\/theworldwidejournal.com\/index.php?rest_route=%2Fwp%2Fv2%2Fmedia&parent=8590"}],"wp:term":[{"taxonomy":"category","embeddable":true,"href":"https:\/\/theworldwidejournal.com\/index.php?rest_route=%2Fwp%2Fv2%2Fcategories&post=8590"},{"taxonomy":"post_tag","embeddable":true,"href":"https:\/\/theworldwidejournal.com\/index.php?rest_route=%2Fwp%2Fv2%2Ftags&post=8590"}],"curies":[{"name":"wp","href":"https:\/\/api.w.org\/{rel}","templated":true}]}}