{"id":8598,"date":"2017-09-28T15:27:09","date_gmt":"2017-09-28T13:27:09","guid":{"rendered":"https:\/\/theworldwidejournal.com\/2017\/09\/28\/matas-se-enfrenta-a-una-posible-cuarta-pena-de-prision-por-el-palma-arena\/"},"modified":"2017-09-28T15:27:09","modified_gmt":"2017-09-28T13:27:09","slug":"matas-se-enfrenta-a-una-posible-cuarta-pena-de-prision-por-el-palma-arena","status":"publish","type":"post","link":"https:\/\/theworldwidejournal.com\/?p=8598","title":{"rendered":"Matas se enfrenta a una posible cuarta pena de prisi\u00f3n por el Palma Arena"},"content":{"rendered":"<p>La Audiencia Provincial ha acogido este jueves la tercera y \u00faltima jornada del nuevo juicio contra el expresidente balear Jaume Matas. En esta ocasi\u00f3n, el exmandatario mallorqu\u00edn se ha sentado en el banquillo por la pieza separada n\u00famero 3 del caso Palma Arena, conocida como el caso \u00d3pera. Dicha pieza trata sobre la presunta contrataci\u00f3n irregular, a principios de 2007, del arquitecto Santiago Calatrava para que elaborase un anteproyecto para la construcci\u00f3n de un futuro palacio de la \u00f3pera en Palma. A lo largo del juicio, la fiscal Anticorrupci\u00f3n Laura Pell\u00f3n ha mantenido su solicitud inicial de un a\u00f1o y tres meses de c\u00e1rcel para el expol\u00edtico popular, por un presunto delito de tr\u00e1fico de influencias, as\u00ed como su petici\u00f3n de diez a\u00f1os de inhabilitaci\u00f3n, por un supuesto delito de prevaricaci\u00f3n. De ese modo, Matas se enfrenta ahora a una posible cuarta pena de prisi\u00f3n vinculada al caso Palma Arena, que ha llegado a contar con un total de 28 piezas separadas. Cabe recordar que por una de las piezas ya juzgadas y resueltas, Matas debi\u00f3 cumplir entre 2014 y 2015 una condena de nueve meses y un d\u00eda de c\u00e1rcel por tr\u00e1fico de influencias, en concreto, por favorecer a un amigo periodista con una subvenci\u00f3n. M\u00e1s recientemente, en febrero de este a\u00f1o, el tribunal del caso N\u00f3os conden\u00f3 al expresidente balear a tres a\u00f1os y ocho meses de c\u00e1rcel por un delito de prevaricaci\u00f3n \u2014en concurso con falsedad y malversaci\u00f3n\u2014 y otro de fraude. Dicha pena se encuentra recurrida en la actualidad ante el Tribunal Supremo. Posteriormente, la pasada semana Matas fue juzgado en el marco de las piezas 8 y 9 del caso Palma Arena, que fueron juzgadas como una sola. En este caso, Anticorrupci\u00f3n pide tres a\u00f1os de c\u00e1rcel para el exmandatario isle\u00f1o, al que atribuye los delitos de fraude a la Administraci\u00f3n y prevaricaci\u00f3n en concurso con falsedad, por la presunta contrataci\u00f3n irregular de los tres arquitectos que construyeron el vel\u00f3dromo, Ralph Clemens Alexander Sch\u00fcrmann y los hermanos Garc\u00eda Ruiz. Multa de 1,2 millones En cuanto al juicio del caso \u00d3pera celebrado esta semana, la Fiscal\u00eda no s\u00f3lo ha pedido un a\u00f1o y tres meses de prisi\u00f3n para Matas, sino que adem\u00e1s ha decidido multiplicar por diez la indemnizaci\u00f3n que le exige ahora. As\u00ed, el Ministerio P\u00fablico quiere que el expresidente abone 1,2 millones de euros en concepto de responsabilidad civil, en lugar de los 120.000 euros que solicitaba antes del comienzo de la vista oral. La Abogac\u00eda de la Comunidad se ha adherido a dicha petici\u00f3n. Por su parte, el abogado de Matas, Jos\u00e9 Zaforteza, se ha opuesto a que su cliente tenga que abonar la citada indemnizaci\u00f3n. Asimismo, ha pedido la libre absoluci\u00f3n de Matas. Cabe recordar que en el tramo final de su segunda legislatura como presidente, Matas anunci\u00f3 en abril de 2007 que si volv\u00eda a resultar elegido en las elecciones auton\u00f3micas de mayo de aquel a\u00f1o, impulsar\u00eda la construcci\u00f3n de un palacio de la \u00f3pera en la bah\u00eda de la capital balear. Matas ten\u00eda previsto mostrar p\u00fablicamente el citado anteproyecto en aquellas fechas, pero la presentaci\u00f3n fue suspendida por la Junta Electoral. En los citados comicios auton\u00f3micos, el PP perdi\u00f3 la mayor\u00eda absoluta con que contaba. Matas fue relevado entonces al frente del Govern por el socialista Francesc Antich, quien descart\u00f3 de inmediato ejecutar el mencionado proyecto. El Gobierno balear tuvo que pagar en su momento 1,2 millones de euros a Calatrava por el citado anteproyecto y por dos maquetas, a pesar de que el proyecto en s\u00ed de un palacio de la \u00f3pera no lleg\u00f3 a ejecutarse nunca. Contrato de Calatrava En la primera jornada del juicio celebrado esta semana, Matas reconoci\u00f3 ante el tribunal que fue \u00e9l quien decidi\u00f3 contratar a Calatrava, si bien luego se habr\u00eda desligado del proceso de tramitaci\u00f3n administrativa que se sigui\u00f3 a continuaci\u00f3n. Matas se\u00f1al\u00f3 el martes que Calatrava era, por su doble condici\u00f3n de arquitecto e ingeniero, la \u00fanica persona capacitada para poder realizar una infraestructura de esas caracter\u00edsticas y para remodelar adem\u00e1s la zona de la bah\u00eda de Palma. En ese contexto, el expresidente se mostr\u00f3 convencido de que la capital balear contar\u00e1 alg\u00fan d\u00eda con el palacio de la \u00f3pera dise\u00f1ado por Calatrava. Por su parte, el arquitecto valenciano, que declar\u00f3 ayer en calidad de testigo, defendi\u00f3 ante el tribunal la vigencia de su propuesta y se\u00f1al\u00f3 que estar\u00eda encantado de poderla presentar ahora p\u00fablicamente. Asimismo, reconoci\u00f3 que empez\u00f3 a trabajar en el citado anteproyecto sin un contrato formal, tras una primera reuni\u00f3n con Matas en Roma, a la que siguieron dos encuentros m\u00e1s en Palma. El contrato fue firmado finalmente en abril de 2007. Seg\u00fan ha expuesto este jueves la fiscal en su alegato final, Matas habr\u00eda encargado el anteproyecto del palacio de la \u00f3pera por razones electoralistas y habr\u00eda controlado personalmente toda la tramitaci\u00f3n de esa iniciativa. El abogado del expresidente ha rechazado, por su parte, dicha argumentaci\u00f3n. La fiscal tambi\u00e9n ha pedido al tribunal, por otra parte, que se deduzca testimonio contra el exconsejero de Educaci\u00f3n Francesc Fiol, que declar\u00f3 esta semana en calidad de testigo. La fiscal cree que Fiol habr\u00eda faltado a la verdad durante su comparecencia ante el juez. El exconsejero explic\u00f3 el pasado martes que Matas le habr\u00eda comunicado a principios de 2007 que el coste del citado anteproyecto rondar\u00eda el mill\u00f3n de euros.<br \/>\nVia: <a href=\"http:\/\/www.abc.es\/espana\/abci-matas-enfrenta-posible-cuarta-pena-prision-marco-caso-palma-arena-201709281327_noticia.html\" target=\"_blank\">Matas se enfrenta a una posible cuarta pena de prisi\u00f3n por el Palma Arena<\/a><\/p>\n","protected":false},"excerpt":{"rendered":"<p>La Audiencia Provincial ha acogido este jueves la tercera y \u00faltima jornada del nuevo juicio contra el expresidente balear Jaume Matas. En esta ocasi\u00f3n, el exmandatario mallorqu\u00edn se ha sentado en el banquillo por la pieza separada n\u00famero 3 del caso Palma Arena, conocida como el caso \u00d3pera. Dicha pieza [&hellip;]<\/p>\n","protected":false},"author":2,"featured_media":8599,"comment_status":"open","ping_status":"closed","sticky":false,"template":"","format":"standard","meta":{"footnotes":""},"categories":[6],"tags":[],"class_list":["post-8598","post","type-post","status-publish","format-standard","has-post-thumbnail","hentry","category-spanish"],"_links":{"self":[{"href":"https:\/\/theworldwidejournal.com\/index.php?rest_route=\/wp\/v2\/posts\/8598","targetHints":{"allow":["GET"]}}],"collection":[{"href":"https:\/\/theworldwidejournal.com\/index.php?rest_route=\/wp\/v2\/posts"}],"about":[{"href":"https:\/\/theworldwidejournal.com\/index.php?rest_route=\/wp\/v2\/types\/post"}],"author":[{"embeddable":true,"href":"https:\/\/theworldwidejournal.com\/index.php?rest_route=\/wp\/v2\/users\/2"}],"replies":[{"embeddable":true,"href":"https:\/\/theworldwidejournal.com\/index.php?rest_route=%2Fwp%2Fv2%2Fcomments&post=8598"}],"version-history":[{"count":0,"href":"https:\/\/theworldwidejournal.com\/index.php?rest_route=\/wp\/v2\/posts\/8598\/revisions"}],"wp:featuredmedia":[{"embeddable":true,"href":"https:\/\/theworldwidejournal.com\/index.php?rest_route=\/wp\/v2\/media\/8599"}],"wp:attachment":[{"href":"https:\/\/theworldwidejournal.com\/index.php?rest_route=%2Fwp%2Fv2%2Fmedia&parent=8598"}],"wp:term":[{"taxonomy":"category","embeddable":true,"href":"https:\/\/theworldwidejournal.com\/index.php?rest_route=%2Fwp%2Fv2%2Fcategories&post=8598"},{"taxonomy":"post_tag","embeddable":true,"href":"https:\/\/theworldwidejournal.com\/index.php?rest_route=%2Fwp%2Fv2%2Ftags&post=8598"}],"curies":[{"name":"wp","href":"https:\/\/api.w.org\/{rel}","templated":true}]}}