{"id":8600,"date":"2017-09-28T15:24:35","date_gmt":"2017-09-28T13:24:35","guid":{"rendered":"https:\/\/theworldwidejournal.com\/2017\/09\/28\/la-izquierda-radical-fleta-autobuses-por-35-euros-a-barcelona-para-apoyar-el-referendum-del-1-o\/"},"modified":"2017-09-28T15:24:35","modified_gmt":"2017-09-28T13:24:35","slug":"la-izquierda-radical-fleta-autobuses-por-35-euros-a-barcelona-para-apoyar-el-referendum-del-1-o","status":"publish","type":"post","link":"https:\/\/theworldwidejournal.com\/?p=8600","title":{"rendered":"La izquierda radical fleta autobuses por 35 euros a Barcelona para apoyar el refer\u00e9ndum del 1-O"},"content":{"rendered":"<p>La izquierda radical vasca ha incrementado su presi\u00f3n sobre las adminsitraciones de cara al cercano 1-O. Seg\u00fan fuentes oficiales, los radicales fletar\u00e1n este fin de semana varios autobuses en varias localidades vascas y navarras para respaldar la consulta ilegal. Uno de los carteles ofrece el trayecto a la capital catalana por 35 euros bajo el lema \u00abAhora comienza el mambo\u00bb, tal y como avis\u00f3 el portavoz de EH Bildu, Arnaldo Otegui, en la manifestaci\u00f3n prorrefer\u00e9ndum que tuvo lugar en Bilbao el pasado 16 de septiembre. La coalici\u00f3n soberanista participar\u00e1 este s\u00e1bado, al igual que el PNV, en una nueva concentraci\u00f3n a favor de la consulta organizada por la plataforma Gure Esuku Dago. Oleada de manifestaciones Hoy, la izquierda radical se ha movilizado este jueves en las tres capitales del Pa\u00eds Vasco para apoyar al refer\u00e9ndum ilegal previsto para el 1 de octubre en Catalu\u00f1a. En Bilbao, la concentraci\u00f3n ha tenido lugar frente a la subdelegaci\u00f3n del Gobierno, en la c\u00e9ntrica plaza Moy\u00faa. Encabezados por los sindicatos ELA, LAB y Steilas, decenas de soberanistas han mostrado su convencimiento no solo de que el pr\u00f3ximo domingo se sacar\u00e1n las urnas, sino de que adem\u00e1s ganar\u00e1 el s\u00ed: \u00abCada vez m\u00e1s gente est\u00e1 convencida de que al independencia es el camino para poder garantizar una vida digna a la ciudadan\u00eda\u00bb, han aseverado. Por otro lado, el refer\u00e9ndum catal\u00e1n ha servido de excusa para reabrir el viejo debate sobre el futuro pol\u00edtico del Pa\u00eds Vasco: \u00abEntendemos que el camino emprendido en Catalu\u00f1a puede abrir una puerta para mejorar las condiciones de vida de la clase trabajadora para el resto de pueblos\u00bb, destacan las centrales, que se preguntan cu\u00e1l ser\u00e1 la relaci\u00f3n del PNV con un Estado que, a su parecer, \u00aben 38 a\u00f1os ni siquiera ha cumplido lo recogido\u00bb en el Estatuto de Guernica. En este sentido, los radicales han cargado contra el Gobierno vasco por su \u00abinaceptable falta de solidaridad con el pueblo de Catalu\u00f1a\u00bb, y han a\u00f1adido que los acuerdos entre PP y PNV \u00ablimitan el autogobierno\u00bb del Pa\u00eds Vasco: \u00abLas instituciones de Gasteiz y de Iru\u00f1ea no est\u00e1n haciendo los suficiente frente al ataque a la democracia que se est\u00e1 viviendo en Catalu\u00f1a\u00bb, ha afirmado Garbi\u00f1e Aranburu, secretaria general de LAB.<br \/>\nVia: <a href=\"http:\/\/www.abc.es\/espana\/pais-vasco\/abci-oleada-manifestaciones-izquierda-radical-vasca-apoyo-referendum-ilegal-201709281324_noticia.html\" target=\"_blank\">La izquierda radical fleta autobuses por 35 euros a Barcelona para apoyar el refer\u00e9ndum del 1-O<\/a><\/p>\n","protected":false},"excerpt":{"rendered":"<p>La izquierda radical vasca ha incrementado su presi\u00f3n sobre las adminsitraciones de cara al cercano 1-O. Seg\u00fan fuentes oficiales, los radicales fletar\u00e1n este fin de semana varios autobuses en varias localidades vascas y navarras para respaldar la consulta ilegal. Uno de los carteles ofrece el trayecto a la capital catalana [&hellip;]<\/p>\n","protected":false},"author":2,"featured_media":8601,"comment_status":"open","ping_status":"closed","sticky":false,"template":"","format":"standard","meta":{"footnotes":""},"categories":[6],"tags":[],"class_list":["post-8600","post","type-post","status-publish","format-standard","has-post-thumbnail","hentry","category-spanish"],"_links":{"self":[{"href":"https:\/\/theworldwidejournal.com\/index.php?rest_route=\/wp\/v2\/posts\/8600","targetHints":{"allow":["GET"]}}],"collection":[{"href":"https:\/\/theworldwidejournal.com\/index.php?rest_route=\/wp\/v2\/posts"}],"about":[{"href":"https:\/\/theworldwidejournal.com\/index.php?rest_route=\/wp\/v2\/types\/post"}],"author":[{"embeddable":true,"href":"https:\/\/theworldwidejournal.com\/index.php?rest_route=\/wp\/v2\/users\/2"}],"replies":[{"embeddable":true,"href":"https:\/\/theworldwidejournal.com\/index.php?rest_route=%2Fwp%2Fv2%2Fcomments&post=8600"}],"version-history":[{"count":0,"href":"https:\/\/theworldwidejournal.com\/index.php?rest_route=\/wp\/v2\/posts\/8600\/revisions"}],"wp:featuredmedia":[{"embeddable":true,"href":"https:\/\/theworldwidejournal.com\/index.php?rest_route=\/wp\/v2\/media\/8601"}],"wp:attachment":[{"href":"https:\/\/theworldwidejournal.com\/index.php?rest_route=%2Fwp%2Fv2%2Fmedia&parent=8600"}],"wp:term":[{"taxonomy":"category","embeddable":true,"href":"https:\/\/theworldwidejournal.com\/index.php?rest_route=%2Fwp%2Fv2%2Fcategories&post=8600"},{"taxonomy":"post_tag","embeddable":true,"href":"https:\/\/theworldwidejournal.com\/index.php?rest_route=%2Fwp%2Fv2%2Ftags&post=8600"}],"curies":[{"name":"wp","href":"https:\/\/api.w.org\/{rel}","templated":true}]}}