{"id":8666,"date":"2017-09-29T03:46:45","date_gmt":"2017-09-29T01:46:45","guid":{"rendered":"https:\/\/theworldwidejournal.com\/2017\/09\/29\/antonio-banderas-hara-su-proyecto-escenico-en-el-teatro-alameda\/"},"modified":"2017-09-29T03:46:45","modified_gmt":"2017-09-29T01:46:45","slug":"antonio-banderas-hara-su-proyecto-escenico-en-el-teatro-alameda","status":"publish","type":"post","link":"https:\/\/theworldwidejournal.com\/?p=8666","title":{"rendered":"Antonio Banderas har\u00e1 su proyecto esc\u00e9nico en el Teatro Alameda"},"content":{"rendered":"<p>El actor Antonio Banderas ha anunciado esta noche que desarrollar\u00e1 el proyecto esc\u00e9nico que ten\u00eda previsto en M\u00e1laga en el Teatro Alameda, ubicado en el centro de la capital malague\u00f1a, despu\u00e9s de haber alcanzado un acuerdo con los actuales propietarios de este espacio. En un escrito publicado en las redes sociales Facebook y Twitter, Banderas anuncia \u00abcon satisfacci\u00f3n\u00bb el acuerdo con los hermanos Jes\u00fas y Carlos S\u00e1nchez Ramade por el que se le permitir\u00e1 el uso del Teatro Alameda para llevar a cabo un proyecto teatral con el que ha venido \u00abso\u00f1ando desde hace ya demasiado tiempo\u00bb. El acuerdo se ha establecido \u00abpor un periodo duradero que permita afianzar un proyecto teatral s\u00f3lido y atractivo que arraigue en la ciudad, y se incorpore de forma decidida al movimiento cultural que se lleva experimentando en los \u00faltimos a\u00f1os\u00bb, ha a\u00f1adido el actor malague\u00f1o. Tambi\u00e9n ha resaltado el \u00abesp\u00edritu de colaboraci\u00f3n y buena voluntad para cerrar este acuerdo\u00bb por parte de los actuales propietarios, con los que ha asegurado que contar\u00e1 \u00abpara recibir de ellos la experiencia y el buen hacer demostrado en los muchos a\u00f1os que llevan desarrollando su labor como empresarios teatrales\u00bb. \u00abAhora hay que ponerse a trabajar para unir todas las piezas que nos permitan llevar este proyecto a buen puerto\u00bb, ha afirmado Banderas, que ha reiterado que lo har\u00e1, como ha repetido \u00aben varias ocasiones en los \u00faltimos meses, desde el \u00e1mbito privado\u00bb, y en su caso concreto \u00absin ning\u00fan \u00e1nimo de lucro\u00bb. El actor ha se\u00f1alado que, \u00aba medida que se vayan a\u00f1adiendo piezas a este puzzle\u00bb, que se debe \u00abencajar con paciencia y habilidad\u00bb, ir\u00e1 \u00abinformando puntualmente\u00bb, y se despide de sus seguidores en dichas redes sociales con \u00ababrazos de un boquer\u00f3n contento\u00bb. Esta decisi\u00f3n de Banderas se produce despu\u00e9s de que renunciara al proyecto p\u00fablico para desarrollar su proyecto teatral en el espacio de los antiguos cines Astoria y Victoria por las cr\u00edticas surgidas desde distintos \u00e1mbitos.<br \/>\nVia: <a href=\"http:\/\/www.abc.es\/cultura\/teatros\/abci-antonio-banderas-hara-proyecto-escenico-teatro-alameda-malaga-201709290146_noticia.html\" target=\"_blank\">Antonio Banderas har\u00e1 su proyecto esc\u00e9nico en el Teatro Alameda<\/a><\/p>\n","protected":false},"excerpt":{"rendered":"<p>El actor Antonio Banderas ha anunciado esta noche que desarrollar\u00e1 el proyecto esc\u00e9nico que ten\u00eda previsto en M\u00e1laga en el Teatro Alameda, ubicado en el centro de la capital malague\u00f1a, despu\u00e9s de haber alcanzado un acuerdo con los actuales propietarios de este espacio. En un escrito publicado en las redes [&hellip;]<\/p>\n","protected":false},"author":2,"featured_media":8667,"comment_status":"open","ping_status":"closed","sticky":false,"template":"","format":"standard","meta":{"footnotes":""},"categories":[6],"tags":[],"class_list":["post-8666","post","type-post","status-publish","format-standard","has-post-thumbnail","hentry","category-spanish"],"_links":{"self":[{"href":"https:\/\/theworldwidejournal.com\/index.php?rest_route=\/wp\/v2\/posts\/8666","targetHints":{"allow":["GET"]}}],"collection":[{"href":"https:\/\/theworldwidejournal.com\/index.php?rest_route=\/wp\/v2\/posts"}],"about":[{"href":"https:\/\/theworldwidejournal.com\/index.php?rest_route=\/wp\/v2\/types\/post"}],"author":[{"embeddable":true,"href":"https:\/\/theworldwidejournal.com\/index.php?rest_route=\/wp\/v2\/users\/2"}],"replies":[{"embeddable":true,"href":"https:\/\/theworldwidejournal.com\/index.php?rest_route=%2Fwp%2Fv2%2Fcomments&post=8666"}],"version-history":[{"count":0,"href":"https:\/\/theworldwidejournal.com\/index.php?rest_route=\/wp\/v2\/posts\/8666\/revisions"}],"wp:featuredmedia":[{"embeddable":true,"href":"https:\/\/theworldwidejournal.com\/index.php?rest_route=\/wp\/v2\/media\/8667"}],"wp:attachment":[{"href":"https:\/\/theworldwidejournal.com\/index.php?rest_route=%2Fwp%2Fv2%2Fmedia&parent=8666"}],"wp:term":[{"taxonomy":"category","embeddable":true,"href":"https:\/\/theworldwidejournal.com\/index.php?rest_route=%2Fwp%2Fv2%2Fcategories&post=8666"},{"taxonomy":"post_tag","embeddable":true,"href":"https:\/\/theworldwidejournal.com\/index.php?rest_route=%2Fwp%2Fv2%2Ftags&post=8666"}],"curies":[{"name":"wp","href":"https:\/\/api.w.org\/{rel}","templated":true}]}}