{"id":8674,"date":"2017-09-28T20:30:12","date_gmt":"2017-09-28T18:30:12","guid":{"rendered":"https:\/\/theworldwidejournal.com\/2017\/09\/28\/si-no-eres-independentista-te-conviertes-directamente-en-fascista\/"},"modified":"2017-09-28T20:30:12","modified_gmt":"2017-09-28T18:30:12","slug":"si-no-eres-independentista-te-conviertes-directamente-en-fascista","status":"publish","type":"post","link":"https:\/\/theworldwidejournal.com\/?p=8674","title":{"rendered":"\u00abSi no eres independentista, te conviertes directamente en fascista\u00bb"},"content":{"rendered":"<p>\u00abSi no eres independentista, te conviertes directamente en un fascista\u00bb. Alba sali\u00f3 de su Barceloneta natal hace ocho a\u00f1os para estudiar Econom\u00eda en Madrid. Antes de que el avi\u00f3n despegara ya se le hab\u00eda inundado el rostro de l\u00e1grimas. Atr\u00e1s dejaba la familia y los amigos de la infancia, la arena de la playa y el olor del Mediterr\u00e1neo. No fue casual que antes de pisar la Puerta del Sol preguntara por una tienda d\u00f3nde comprar una se\u00f1era. Con el bulto en las manos se fue corriendo a casa. \u00abLo primero que hice fue colgarla en mi habitaci\u00f3n, junto con las fotos de mis padres y otros recuerdos de la adolescencia\u00bb, explica. La bandera, sin embargo, no aguant\u00f3 m\u00e1s de un a\u00f1o colgada. Tras un fin de semana en Barcelona regres\u00f3 a Madrid y en un arrebato de furia la arranc\u00f3 de la pared. \u00abMe sent\u00ed frustrada. No proced\u00eda de un c\u00edrculo independentista. Ni mi familia ni mis amigos lo eran. Pero de la noche a la ma\u00f1ana se sintieron llamados a defender los Pa\u00efsos Catalans. Fue como si hubieran tenido una revelaci\u00f3n y yo me hubiera convertido en una apestada\u00bb, explica. La crisis econ\u00f3mica hab\u00eda tambaleado los cimientos de su casa. El \u00abEspa\u00f1a nos roba\u00bb comenzaba a penetrar en su c\u00edrculo. Y lo que antes era una familia \u00abmoderada\u00bb, estaba comenzando a abrazar la independencia. \u00abNo sab\u00eda qu\u00e9 me hab\u00eda perdido, ni por qu\u00e9 estaba calando con tanto ah\u00ednco el ideario separatista. Se lo pregunt\u00e9 a mi padre y la discusi\u00f3n fue tal que volv\u00ed a Madrid sin despedirme\u00bb, recuerda. El Estatuto de Autonom\u00eda de Catalu\u00f1a, el origen El Tribunal Constitucional acababa de resolver el recurso del PP contra el Estatuto de Autonom\u00eda de Catalu\u00f1a. Que no se la considerase jur\u00eddicamente como una naci\u00f3n, y que se cuestionase el modelo ling\u00fc\u00edstico de la Comunidad fue la chispa que encendi\u00f3 la mecha. \u00abMi padre me dijo que no pod\u00eda opinar porque no padec\u00eda los atropellos que el Estado espa\u00f1ol comet\u00eda contra los catalanes, que les estaba arrebatando su identidad. Yo trababa de explicarle que era una decisi\u00f3n judicial, pero no hab\u00eda manera\u00bb. \u00abSe lo cont\u00e9 a una amiga y mi sorpresa fue encontrar en ella la misma reacci\u00f3n: De repente me hab\u00eda convertido en una fascista\u00bb. Carmen comparte con Alba su vecindad, pero tambi\u00e9n su testimonio. Procedente de la Ciudad Condal, lleg\u00f3 a Madrid hace siete a\u00f1os para estudiar Derecho. Como abogada explica que la convocatoria del refer\u00e9ndum, la ley de transitoriedad jur\u00eddica y el resto de normas hacia la desconexi\u00f3n \u00abson un atropello legal porque atentan contra la Constituci\u00f3n\u00bb. \u00abDesde la lejan\u00eda puedo analizar todo el proceso con mayor libertad, con imparcialidad y sin temor a que nadie me tache de fascista\u00bb, explica. \u00abA d\u00eda de hoy es muy dif\u00edcil manifestarse en Catalu\u00f1a en contra de la independencia, incluso con tus amigos. Lo peor es que todo el proceso se basa en una mentira. La gente no quiere darse cuenta porque est\u00e1 sometida al bombardeo continuo de noticias pro independencia que se proyectan desde la televisi\u00f3n y la radio p\u00fablicas, los peri\u00f3dicos o los clubes de f\u00fatbol. Pero la realidad es que una Catalu\u00f1a independiente no tendr\u00eda ning\u00fan viso de prosperar. A la falta de apoyo internacional se unir\u00eda la falta de recursos econ\u00f3micos. En un mundo globalizado la independencia es un sinsentido\u00bb, explica. \u00abEl refer\u00e9ndum del 1-0 carece de garant\u00edas\u00bb En su opini\u00f3n, la situaci\u00f3n actual de Catalu\u00f1a se debe a dos factores principales. De un lado, la coyuntura econ\u00f3mica de la que se han valido los l\u00edderes independentistas para convencer a los ciudadanos de que solos estar\u00edan mejor; y de otro, la demora de los \u00abpartidos constitucionalistas\u00bb en responder al desaf\u00edo secesionista, con el Gobierno de la naci\u00f3n a la cabeza. \u00abEn el resto de Espa\u00f1a no se ha visto el tema del independentismo como una preocupaci\u00f3n principal porque no le afectaba directamente al conjunto de los ciudadanos, y de esa pasividad esta situaci\u00f3n. Lo que tendr\u00edamos que hacer es apagar este fuego desde la fraternidad, convenciendo de que nunca puede saltarse la legalidad, pero sin perder de vista que las leyes evolucionan con la sociedad. Si se quiere articular un pretendido derecho a la autodeterminaci\u00f3n, primero hay que reformar la Constituci\u00f3n, y eso exige del acuerdo de todos\u00bb, explica. Una opini\u00f3n que comparte Alejandro, un joven periodista que lleva un a\u00f1o en Madrid. Natural de Barcelona, se manifiesta en contra del refer\u00e9ndum convocado para el pr\u00f3ximo domingo \u00abporque carece de todo tipo de garant\u00edas\u00bb. En el caso de que se quiera votar sobre la autodeterminaci\u00f3n de los pueblos, \u00abprimero habr\u00eda que reformar la Constituci\u00f3n\u00bb, comenta. \u00abHablamos de adoctrinamiento en las aulas, pero yo no estoy de acuerdo. El ideario comienza en los hogares, no en las escuelas\u00bb, explica. Aunque reconoce que la situaci\u00f3n est\u00e1 enrocada, conf\u00eda en que el Gobierno de la Generalitat y el central alcancen una soluci\u00f3n pol\u00edtica con celeridad porque \u00abla situaci\u00f3n no aguanta m\u00e1s\u00bb. Los nombres utilizados en este reprotaje son ficticios por decisi\u00f3n de cada uno de los entrevistados.<br \/>\nVia: <a href=\"http:\/\/www.abc.es\/espana\/abci-si-no-eres-independentista-conviertes-directamente-fascista-201709281830_noticia.html\" target=\"_blank\">\u00abSi no eres independentista, te conviertes directamente en fascista\u00bb<\/a><\/p>\n","protected":false},"excerpt":{"rendered":"<p>\u00abSi no eres independentista, te conviertes directamente en un fascista\u00bb. Alba sali\u00f3 de su Barceloneta natal hace ocho a\u00f1os para estudiar Econom\u00eda en Madrid. Antes de que el avi\u00f3n despegara ya se le hab\u00eda inundado el rostro de l\u00e1grimas. Atr\u00e1s dejaba la familia y los amigos de la infancia, la [&hellip;]<\/p>\n","protected":false},"author":2,"featured_media":8675,"comment_status":"open","ping_status":"closed","sticky":false,"template":"","format":"standard","meta":{"footnotes":""},"categories":[6],"tags":[],"class_list":["post-8674","post","type-post","status-publish","format-standard","has-post-thumbnail","hentry","category-spanish"],"_links":{"self":[{"href":"https:\/\/theworldwidejournal.com\/index.php?rest_route=\/wp\/v2\/posts\/8674","targetHints":{"allow":["GET"]}}],"collection":[{"href":"https:\/\/theworldwidejournal.com\/index.php?rest_route=\/wp\/v2\/posts"}],"about":[{"href":"https:\/\/theworldwidejournal.com\/index.php?rest_route=\/wp\/v2\/types\/post"}],"author":[{"embeddable":true,"href":"https:\/\/theworldwidejournal.com\/index.php?rest_route=\/wp\/v2\/users\/2"}],"replies":[{"embeddable":true,"href":"https:\/\/theworldwidejournal.com\/index.php?rest_route=%2Fwp%2Fv2%2Fcomments&post=8674"}],"version-history":[{"count":0,"href":"https:\/\/theworldwidejournal.com\/index.php?rest_route=\/wp\/v2\/posts\/8674\/revisions"}],"wp:featuredmedia":[{"embeddable":true,"href":"https:\/\/theworldwidejournal.com\/index.php?rest_route=\/wp\/v2\/media\/8675"}],"wp:attachment":[{"href":"https:\/\/theworldwidejournal.com\/index.php?rest_route=%2Fwp%2Fv2%2Fmedia&parent=8674"}],"wp:term":[{"taxonomy":"category","embeddable":true,"href":"https:\/\/theworldwidejournal.com\/index.php?rest_route=%2Fwp%2Fv2%2Fcategories&post=8674"},{"taxonomy":"post_tag","embeddable":true,"href":"https:\/\/theworldwidejournal.com\/index.php?rest_route=%2Fwp%2Fv2%2Ftags&post=8674"}],"curies":[{"name":"wp","href":"https:\/\/api.w.org\/{rel}","templated":true}]}}