{"id":8734,"date":"2017-09-29T14:58:29","date_gmt":"2017-09-29T12:58:29","guid":{"rendered":"https:\/\/theworldwidejournal.com\/2017\/09\/29\/el-gobierno-descarta-a-puigdemont-y-junqueras-como-interlocutores-tras-el-referendum\/"},"modified":"2017-09-29T14:58:29","modified_gmt":"2017-09-29T12:58:29","slug":"el-gobierno-descarta-a-puigdemont-y-junqueras-como-interlocutores-tras-el-referendum","status":"publish","type":"post","link":"https:\/\/theworldwidejournal.com\/?p=8734","title":{"rendered":"El Gobierno descarta a Puigdemont y Junqueras como interlocutores tras el refer\u00e9ndum"},"content":{"rendered":"<p>El Gobierno ha descartado este viernes que Carles Puigdemont y Oriol Junqueras puedan actuar como interlocutores de Mariano Rajoy en cualquier posible negociaci\u00f3n tras el 1 de octubre, fecha elegida por los independentistas para celebrar un refer\u00e9ndum ilegal. &#8220;El se\u00f1or Puigdemont ha incurrido en una gran deslealtad con el Estado y la sociedad catalana: \u00e9l sabr\u00e1 si considera que puede ser interlocutor&#8221;, ha dicho \u00cd\u00f1igo M\u00e9ndez de Vigo, el portavoz del Ejecutivo, tras la reuni\u00f3n del Consejo de Ministros. Fuentes gubernamentales han sido a\u00fan m\u00e1s expl\u00edcitas al recalcar que ning\u00fan miembro del Govern catal\u00e1n &#8220;ni sus socios [en referencia a la CUP]&#8221; est\u00e1n legitimados para empezar alg\u00fan tipo de di\u00e1logo con La Moncloa despu\u00e9s de la consulta. Adem\u00e1s, M\u00e9ndez de Vigo ha advertido a los promotores del refer\u00e9ndum de que tendr\u00e1n que afrontar en los tribunales las consecuencias de haber impulsado una consulta \u201cilegal\u201d que, en todo caso, ha dicho, no se celebrar\u00e1.Seguir leyendo.<br \/>\nVia: <a href=\"https:\/\/elpais.com\/politica\/2017\/09\/29\/actualidad\/1506687837_661985.html#?ref=rss&#038;format=simple&#038;link=link\" target=\"_blank\">El Gobierno descarta a Puigdemont y Junqueras como interlocutores tras el refer\u00e9ndum<\/a><\/p>\n","protected":false},"excerpt":{"rendered":"<p>El Gobierno ha descartado este viernes que Carles Puigdemont y Oriol Junqueras puedan actuar como interlocutores de Mariano Rajoy en cualquier posible negociaci\u00f3n tras el 1 de octubre, fecha elegida por los independentistas para celebrar un refer\u00e9ndum ilegal. &#8220;El se\u00f1or Puigdemont ha incurrido en una gran deslealtad con el Estado [&hellip;]<\/p>\n","protected":false},"author":2,"featured_media":0,"comment_status":"open","ping_status":"closed","sticky":false,"template":"","format":"standard","meta":{"footnotes":""},"categories":[6],"tags":[],"class_list":["post-8734","post","type-post","status-publish","format-standard","hentry","category-spanish"],"_links":{"self":[{"href":"https:\/\/theworldwidejournal.com\/index.php?rest_route=\/wp\/v2\/posts\/8734","targetHints":{"allow":["GET"]}}],"collection":[{"href":"https:\/\/theworldwidejournal.com\/index.php?rest_route=\/wp\/v2\/posts"}],"about":[{"href":"https:\/\/theworldwidejournal.com\/index.php?rest_route=\/wp\/v2\/types\/post"}],"author":[{"embeddable":true,"href":"https:\/\/theworldwidejournal.com\/index.php?rest_route=\/wp\/v2\/users\/2"}],"replies":[{"embeddable":true,"href":"https:\/\/theworldwidejournal.com\/index.php?rest_route=%2Fwp%2Fv2%2Fcomments&post=8734"}],"version-history":[{"count":0,"href":"https:\/\/theworldwidejournal.com\/index.php?rest_route=\/wp\/v2\/posts\/8734\/revisions"}],"wp:attachment":[{"href":"https:\/\/theworldwidejournal.com\/index.php?rest_route=%2Fwp%2Fv2%2Fmedia&parent=8734"}],"wp:term":[{"taxonomy":"category","embeddable":true,"href":"https:\/\/theworldwidejournal.com\/index.php?rest_route=%2Fwp%2Fv2%2Fcategories&post=8734"},{"taxonomy":"post_tag","embeddable":true,"href":"https:\/\/theworldwidejournal.com\/index.php?rest_route=%2Fwp%2Fv2%2Ftags&post=8734"}],"curies":[{"name":"wp","href":"https:\/\/api.w.org\/{rel}","templated":true}]}}