{"id":87524,"date":"2019-04-06T15:50:36","date_gmt":"2019-04-06T13:50:36","guid":{"rendered":"https:\/\/theworldwidejournal.com\/2019\/04\/06\/la-derecha-coincide-detras-de-una-pancarta-en-su-pugna-por-el-voto-de-los-policias\/"},"modified":"2019-04-06T15:50:36","modified_gmt":"2019-04-06T13:50:36","slug":"la-derecha-coincide-detras-de-una-pancarta-en-su-pugna-por-el-voto-de-los-policias","status":"publish","type":"post","link":"https:\/\/theworldwidejournal.com\/?p=87524","title":{"rendered":"La derecha coincide detr\u00e1s de una pancarta en su pugna por el voto de los polic\u00edas"},"content":{"rendered":"<p>Destacados dirigentes de PP, Ciudadanos y Vox han vuelto a coincidir detr\u00e1s de una pancarta tras la concentraci\u00f3n del pasado 10 de febrero en la Plaza de Col\u00f3n de Madrid. Si en aquella ocasi\u00f3n fue bajo el lema &#8216;Por una Espa\u00f1a unida&#8217;, este s\u00e1bado ha sido en la manifestaci\u00f3n convocada por la asociaci\u00f3n de polic\u00edas y guardias civiles Jusapol para reclamar la equiparaci\u00f3n salarial con los Mossos d&#8217;Esquadra. El presidente de Ciudadanos, Albert Rivera, y los secretarios generales del PP, Teodoro Garc\u00eda Egea, y Vox, Javier Ortega Smith acudieran a una convocatoria en la participaron miles de personas -100.000 seg\u00fan los convocantes- en rechazo al acuerdo que en su d\u00eda firm\u00f3 el Gobierno de Mariano Rajoy con los sindicatos tradicionales de las Fuerzas de Seguridad y que, tras la moci\u00f3n de censura, ha comenzado a aplicar el de S\u00e1nchez. Podemos y PSOE, que hab\u00edan sido invitados por Jusapol a participar, no enviaron representantes finalmente.Seguir leyendo.<br \/>\nVia: <a href=\"https:\/\/elpais.com\/politica\/2019\/04\/06\/actualidad\/1554549089_807314.html#?ref=rss&#038;format=simple&#038;link=link\" target=\"_blank\">La derecha coincide detr\u00e1s de una pancarta en su pugna por el voto de los polic\u00edas<\/a><\/p>\n","protected":false},"excerpt":{"rendered":"<p>Destacados dirigentes de PP, Ciudadanos y Vox han vuelto a coincidir detr\u00e1s de una pancarta tras la concentraci\u00f3n del pasado 10 de febrero en la Plaza de Col\u00f3n de Madrid. Si en aquella ocasi\u00f3n fue bajo el lema &#8216;Por una Espa\u00f1a unida&#8217;, este s\u00e1bado ha sido en la manifestaci\u00f3n convocada [&hellip;]<\/p>\n","protected":false},"author":2,"featured_media":0,"comment_status":"open","ping_status":"closed","sticky":false,"template":"","format":"standard","meta":{"footnotes":""},"categories":[6],"tags":[],"class_list":["post-87524","post","type-post","status-publish","format-standard","hentry","category-spanish"],"_links":{"self":[{"href":"https:\/\/theworldwidejournal.com\/index.php?rest_route=\/wp\/v2\/posts\/87524","targetHints":{"allow":["GET"]}}],"collection":[{"href":"https:\/\/theworldwidejournal.com\/index.php?rest_route=\/wp\/v2\/posts"}],"about":[{"href":"https:\/\/theworldwidejournal.com\/index.php?rest_route=\/wp\/v2\/types\/post"}],"author":[{"embeddable":true,"href":"https:\/\/theworldwidejournal.com\/index.php?rest_route=\/wp\/v2\/users\/2"}],"replies":[{"embeddable":true,"href":"https:\/\/theworldwidejournal.com\/index.php?rest_route=%2Fwp%2Fv2%2Fcomments&post=87524"}],"version-history":[{"count":0,"href":"https:\/\/theworldwidejournal.com\/index.php?rest_route=\/wp\/v2\/posts\/87524\/revisions"}],"wp:attachment":[{"href":"https:\/\/theworldwidejournal.com\/index.php?rest_route=%2Fwp%2Fv2%2Fmedia&parent=87524"}],"wp:term":[{"taxonomy":"category","embeddable":true,"href":"https:\/\/theworldwidejournal.com\/index.php?rest_route=%2Fwp%2Fv2%2Fcategories&post=87524"},{"taxonomy":"post_tag","embeddable":true,"href":"https:\/\/theworldwidejournal.com\/index.php?rest_route=%2Fwp%2Fv2%2Ftags&post=87524"}],"curies":[{"name":"wp","href":"https:\/\/api.w.org\/{rel}","templated":true}]}}