{"id":8812,"date":"2017-09-29T21:49:06","date_gmt":"2017-09-29T19:49:06","guid":{"rendered":"https:\/\/theworldwidejournal.com\/2017\/09\/29\/irak-consuma-el-cierre-de-aeropuertos-kurdos-a-los-vuelos-internacionales\/"},"modified":"2017-09-29T21:49:06","modified_gmt":"2017-09-29T19:49:06","slug":"irak-consuma-el-cierre-de-aeropuertos-kurdos-a-los-vuelos-internacionales","status":"publish","type":"post","link":"https:\/\/theworldwidejournal.com\/?p=8812","title":{"rendered":"Irak consuma el cierre de aeropuertos kurdos a los vuelos internacionales"},"content":{"rendered":"<p>El embargo a\u00e9reo que Irak ha impuesto a la regi\u00f3n aut\u00f3noma kurda (KRG) entr\u00f3 en vigor a las seis en punto de la tarde (15.00 GMT) y no se levantar\u00e1 hasta que los kurdos accedan a \u00abtrasladar el control de los aeropuertos Gobierno federal\u00bb, solo entonces \u00ablos vuelos internacionales van a volver a operar\u00bb, recogi\u00f3 un comunicado difundido por la oficina del primer ministro iraqu\u00ed, Haidar Al Abadi. Mientras que los dirigentes kurdos definieron esta medida de \u00abcastigo colectivo\u00bb, la nota emitida por las autoridades iraqu\u00edes defendi\u00f3 todo lo contrario ya que se trata de \u00abun tr\u00e1mite constitucional y legal aprobado por el consejo de ministros para el beneficio de los ciudadanos del Kurdist\u00e1n\u00bb. La tensi\u00f3n entre los gobiernos de Erbil y Bagdad crece desde que el lunes los kurdos celebraran un referendo en el que los ciudadanos votaron de forma masiva (92 por ciento) a favor de la separaci\u00f3n de Irak. Abadi exige ahora la \u00abanulaci\u00f3n de los resultados\u00bb de esta consulta como exigencia previa a cualquier negociaci\u00f3n y, a petici\u00f3n de Parlamento, adem\u00e1s del embargo a\u00e9reo orden\u00f3 el despliegue de tropas en las zonas en disputa con los kurdos. El ministerio de Transportes de la KRG pidi\u00f3 \u00ababrir negociaciones sobre su decisi\u00f3n respecto a los vuelos\u00bb, pero no recibi\u00f3 respuesta alguna. En Erbil la sensaci\u00f3n era de incredulidad y hasta el \u00faltimo instante la gente pensaba que los vuelos internacionales seguir\u00edan operando, pero los \u00fanicos que podr\u00e1n hacerlo ser\u00e1n \u00ablos vuelos humanitarios, militares y diplom\u00e1ticos\u00bb, afirm\u00f3 la directora del aeropuerto internacional de la capital kurda, Talar Faiq Saleh. Los trayectos dom\u00e9sticos est\u00e1n exentos del embargo por lo que Bagdad se convierte en la \u00fanica puerta de entrada por v\u00eda a\u00e9rea a la regi\u00f3n aut\u00f3noma. Hasta ahora los extranjeros no precisaban visado para el Kurdist\u00e1n, pero cualquier escala en Bagdad exigir\u00e1 tener una visa de entrada al pa\u00eds. En agencias como KRD, su responsable de ventas, Ali Taha, aseguraba pocas horas antes de la entrada en vigor del embargo que \u00abla gente no ha venido desesperada a comprar billetes para salir antes de las seis de la tarde. Igual los extranjeros pueden optar por salir, pero aqu\u00ed la situaci\u00f3n econ\u00f3mica es tan mala que los kurdos no tienen m\u00e1s remedio que quedarse y esperar\u00bb. Por encima de los castigos de Bagdad, lo que preocupa de verdad es el tono de las declaraciones del presidente turco, Recep Tayyip Erdogan, que calific\u00f3 la consulta de \u00abtraici\u00f3n\u00bb. Turqu\u00eda es el gran aliado pol\u00edtico y econ\u00f3mico de los kurdos, su gran ventana a Occidente que ahora tambi\u00e9n corta sus vuelos a como medida de represalia por la consulta. En Irak se calcula que los kurdos son un 15 o 20 por ciento de la poblaci\u00f3n del pa\u00eds (37 millones) y desde el a\u00f1o 1991 tienen una casi total autonom\u00eda respecto a Bagdad, pero el presidente Masud Barzani, pese a la falta de apoyos, quiso dar un paso m\u00e1s para lograr un estado independiente. Los pa\u00edses vecinos, donde temen la expansi\u00f3n del ansia independentista en sus comunidades kurdas, y la comunidad internacional se oponen a la divisi\u00f3n de Irak.<br \/>\nVia: <a href=\"http:\/\/www.abc.es\/internacional\/abci-irak-consuma-cierre-aeropuertos-kurdos-vuelos-internacionales-201709291949_noticia.html\" target=\"_blank\">Irak consuma el cierre de aeropuertos kurdos a los vuelos internacionales<\/a><\/p>\n","protected":false},"excerpt":{"rendered":"<p>El embargo a\u00e9reo que Irak ha impuesto a la regi\u00f3n aut\u00f3noma kurda (KRG) entr\u00f3 en vigor a las seis en punto de la tarde (15.00 GMT) y no se levantar\u00e1 hasta que los kurdos accedan a \u00abtrasladar el control de los aeropuertos Gobierno federal\u00bb, solo entonces \u00ablos vuelos internacionales van [&hellip;]<\/p>\n","protected":false},"author":2,"featured_media":8813,"comment_status":"open","ping_status":"closed","sticky":false,"template":"","format":"standard","meta":{"footnotes":""},"categories":[6],"tags":[],"class_list":["post-8812","post","type-post","status-publish","format-standard","has-post-thumbnail","hentry","category-spanish"],"_links":{"self":[{"href":"https:\/\/theworldwidejournal.com\/index.php?rest_route=\/wp\/v2\/posts\/8812","targetHints":{"allow":["GET"]}}],"collection":[{"href":"https:\/\/theworldwidejournal.com\/index.php?rest_route=\/wp\/v2\/posts"}],"about":[{"href":"https:\/\/theworldwidejournal.com\/index.php?rest_route=\/wp\/v2\/types\/post"}],"author":[{"embeddable":true,"href":"https:\/\/theworldwidejournal.com\/index.php?rest_route=\/wp\/v2\/users\/2"}],"replies":[{"embeddable":true,"href":"https:\/\/theworldwidejournal.com\/index.php?rest_route=%2Fwp%2Fv2%2Fcomments&post=8812"}],"version-history":[{"count":0,"href":"https:\/\/theworldwidejournal.com\/index.php?rest_route=\/wp\/v2\/posts\/8812\/revisions"}],"wp:featuredmedia":[{"embeddable":true,"href":"https:\/\/theworldwidejournal.com\/index.php?rest_route=\/wp\/v2\/media\/8813"}],"wp:attachment":[{"href":"https:\/\/theworldwidejournal.com\/index.php?rest_route=%2Fwp%2Fv2%2Fmedia&parent=8812"}],"wp:term":[{"taxonomy":"category","embeddable":true,"href":"https:\/\/theworldwidejournal.com\/index.php?rest_route=%2Fwp%2Fv2%2Fcategories&post=8812"},{"taxonomy":"post_tag","embeddable":true,"href":"https:\/\/theworldwidejournal.com\/index.php?rest_route=%2Fwp%2Fv2%2Ftags&post=8812"}],"curies":[{"name":"wp","href":"https:\/\/api.w.org\/{rel}","templated":true}]}}