{"id":960,"date":"2017-08-03T16:00:00","date_gmt":"2017-08-03T14:00:00","guid":{"rendered":"https:\/\/theworldwidejournal.com\/2017\/08\/03\/bewegender-abschied-trauerfeier-fur-die-toten-soldaten\/"},"modified":"2017-08-03T16:00:00","modified_gmt":"2017-08-03T14:00:00","slug":"bewegender-abschied-trauerfeier-fur-die-toten-soldaten","status":"publish","type":"post","link":"https:\/\/theworldwidejournal.com\/?p=960","title":{"rendered":"Bewegender Abschied &#8211; Trauerfeier f\u00fcr die toten Soldaten"},"content":{"rendered":"<p>Bundesverteidigungsministerin Ursula von der Leyen w\u00fcrdigte bei der Trauerfeier die Bundeswehrsoldaten Jan F. (33) und Thomas M. (47).Foto: Swen Pf\u00f6rtner \/ dpa<br \/>\nVia: <a href=\"http:\/\/www.bild.de\/regional\/frankfurt\/ursula-von-der-leyen\/trauerfeier-wuerdigt-in-mali-abgestuerzte-soldaten-52750150.bild.html\" target=\"_blank\">Bewegender Abschied &#8211; Trauerfeier f\u00fcr die toten Soldaten<\/a><\/p>\n","protected":false},"excerpt":{"rendered":"<p>Bundesverteidigungsministerin Ursula von der Leyen w\u00fcrdigte bei der Trauerfeier die Bundeswehrsoldaten Jan F. (33) und Thomas M. (47).Foto: Swen Pf\u00f6rtner \/ dpa Via: Bewegender Abschied &#8211; Trauerfeier f\u00fcr die toten Soldaten<\/p>\n","protected":false},"author":2,"featured_media":961,"comment_status":"open","ping_status":"closed","sticky":false,"template":"","format":"standard","meta":{"footnotes":""},"categories":[5],"tags":[],"class_list":["post-960","post","type-post","status-publish","format-standard","has-post-thumbnail","hentry","category-german"],"_links":{"self":[{"href":"https:\/\/theworldwidejournal.com\/index.php?rest_route=\/wp\/v2\/posts\/960","targetHints":{"allow":["GET"]}}],"collection":[{"href":"https:\/\/theworldwidejournal.com\/index.php?rest_route=\/wp\/v2\/posts"}],"about":[{"href":"https:\/\/theworldwidejournal.com\/index.php?rest_route=\/wp\/v2\/types\/post"}],"author":[{"embeddable":true,"href":"https:\/\/theworldwidejournal.com\/index.php?rest_route=\/wp\/v2\/users\/2"}],"replies":[{"embeddable":true,"href":"https:\/\/theworldwidejournal.com\/index.php?rest_route=%2Fwp%2Fv2%2Fcomments&post=960"}],"version-history":[{"count":0,"href":"https:\/\/theworldwidejournal.com\/index.php?rest_route=\/wp\/v2\/posts\/960\/revisions"}],"wp:featuredmedia":[{"embeddable":true,"href":"https:\/\/theworldwidejournal.com\/index.php?rest_route=\/wp\/v2\/media\/961"}],"wp:attachment":[{"href":"https:\/\/theworldwidejournal.com\/index.php?rest_route=%2Fwp%2Fv2%2Fmedia&parent=960"}],"wp:term":[{"taxonomy":"category","embeddable":true,"href":"https:\/\/theworldwidejournal.com\/index.php?rest_route=%2Fwp%2Fv2%2Fcategories&post=960"},{"taxonomy":"post_tag","embeddable":true,"href":"https:\/\/theworldwidejournal.com\/index.php?rest_route=%2Fwp%2Fv2%2Ftags&post=960"}],"curies":[{"name":"wp","href":"https:\/\/api.w.org\/{rel}","templated":true}]}}