{"id":975,"date":"2017-08-03T15:03:24","date_gmt":"2017-08-03T13:03:24","guid":{"rendered":"https:\/\/theworldwidejournal.com\/2017\/08\/03\/la-campana-unitaria-del-si-a-la-independencia-comenzara-el-15-de-septiembre\/"},"modified":"2017-08-03T15:03:24","modified_gmt":"2017-08-03T13:03:24","slug":"la-campana-unitaria-del-si-a-la-independencia-comenzara-el-15-de-septiembre","status":"publish","type":"post","link":"https:\/\/theworldwidejournal.com\/?p=975","title":{"rendered":"La campa\u00f1a unitaria del \u2018s\u00ed\u2019 a la independencia comenzar\u00e1 el 15 de septiembre"},"content":{"rendered":"<p>La Asamblea Nacional Catalana, la principal entidad civil independentista,\u00a0ha presentado este jueves la campa\u00f1a conjunta por el &#8220;s\u00ed&#8221; en el refer\u00e9ndum en la que participar\u00e1n tambi\u00e9n los partidos secesionistas y una decena de entidades. La campa\u00f1a, que arrancar\u00e1 oficialmente el 15 de septiembre, despu\u00e9s de que Carles Puigdemont firme la convocatoria del refer\u00e9ndum del 1 de octubre, la respaldan la ANC, \u00d2mnium Cultural y la Asociaci\u00f3n de Municipios por la Independencia (AMI) y formaciones pol\u00edticas como el Partit Dem\u00f2crata Europeo Catal\u00e0 (PDeCAT), Esquerra, la CUP y Dem\u00f2crates. El acto ha perseguido ofrecer una imagen de unidad de todo el bloque en favor de la secesi\u00f3n.Seguir leyendo.<br \/>\nVia: <a href=\"https:\/\/elpais.com\/ccaa\/2017\/08\/03\/catalunya\/1501748635_007758.html#?ref=rss&#038;format=simple&#038;link=link\" target=\"_blank\">La campa\u00f1a unitaria del \u2018s\u00ed\u2019 a la independencia comenzar\u00e1 el 15 de septiembre<\/a><\/p>\n","protected":false},"excerpt":{"rendered":"<p>La Asamblea Nacional Catalana, la principal entidad civil independentista,\u00a0ha presentado este jueves la campa\u00f1a conjunta por el &#8220;s\u00ed&#8221; en el refer\u00e9ndum en la que participar\u00e1n tambi\u00e9n los partidos secesionistas y una decena de entidades. La campa\u00f1a, que arrancar\u00e1 oficialmente el 15 de septiembre, despu\u00e9s de que Carles Puigdemont firme la [&hellip;]<\/p>\n","protected":false},"author":2,"featured_media":0,"comment_status":"open","ping_status":"closed","sticky":false,"template":"","format":"standard","meta":{"footnotes":""},"categories":[6],"tags":[],"class_list":["post-975","post","type-post","status-publish","format-standard","hentry","category-spanish"],"_links":{"self":[{"href":"https:\/\/theworldwidejournal.com\/index.php?rest_route=\/wp\/v2\/posts\/975","targetHints":{"allow":["GET"]}}],"collection":[{"href":"https:\/\/theworldwidejournal.com\/index.php?rest_route=\/wp\/v2\/posts"}],"about":[{"href":"https:\/\/theworldwidejournal.com\/index.php?rest_route=\/wp\/v2\/types\/post"}],"author":[{"embeddable":true,"href":"https:\/\/theworldwidejournal.com\/index.php?rest_route=\/wp\/v2\/users\/2"}],"replies":[{"embeddable":true,"href":"https:\/\/theworldwidejournal.com\/index.php?rest_route=%2Fwp%2Fv2%2Fcomments&post=975"}],"version-history":[{"count":0,"href":"https:\/\/theworldwidejournal.com\/index.php?rest_route=\/wp\/v2\/posts\/975\/revisions"}],"wp:attachment":[{"href":"https:\/\/theworldwidejournal.com\/index.php?rest_route=%2Fwp%2Fv2%2Fmedia&parent=975"}],"wp:term":[{"taxonomy":"category","embeddable":true,"href":"https:\/\/theworldwidejournal.com\/index.php?rest_route=%2Fwp%2Fv2%2Fcategories&post=975"},{"taxonomy":"post_tag","embeddable":true,"href":"https:\/\/theworldwidejournal.com\/index.php?rest_route=%2Fwp%2Fv2%2Ftags&post=975"}],"curies":[{"name":"wp","href":"https:\/\/api.w.org\/{rel}","templated":true}]}}